{"id":1193,"date":"2016-01-17T15:10:13","date_gmt":"2016-01-17T14:10:13","guid":{"rendered":"http:\/\/elsbth.se\/sy\/?p=1193"},"modified":"2016-01-17T15:17:14","modified_gmt":"2016-01-17T14:17:14","slug":"scarlet-flame","status":"publish","type":"post","link":"http:\/\/elsbth.se\/sy\/2016\/01\/scarlet-flame\/","title":{"rendered":"Scarlet flame"},"content":{"rendered":"<p>Vid en utf\u00f6rs\u00e4ljning i en garnbutik var det halva priset. Jag letade m\u00f6nster p\u00e5 Ravelry inf\u00f6r ett bes\u00f6k d\u00e4r och detta var ett av de m\u00f6nster <a href=\"http:\/\/elsbth.se\/sy\/2014\/01\/nu-har-frossan-borjat\/\">jag k\u00f6pte garn till d\u00e5<\/a>. Det fanns inte s\u00e5 m\u00e5nga f\u00e4rger kvar som hade tillr\u00e4ckligt till huvudf\u00e4rgen, men jag tycker jag hittade en bra kombination \u00e4nd\u00e5.<\/p>\n<h2>Material<\/h2>\n<p>Garnet Scarlet fr\u00e5n Permin, 6 nystan gr\u00f6nt och lite mer \u00e4n 1 nystan beige<br \/>\nM\u00f6nster: <a href=\"http:\/\/www.ravelry.com\/patterns\/library\/flaming-june\" target=\"_blank\">Flaming June<\/a>, storlek S med justerade \u00e4rmar.<\/p>\n<h2>S\u00e5 gjorde jag<\/h2>\n<p>Den stickas nerifr\u00e5n och upp, b\u00e5de p\u00e5 kroppen och \u00e4rmarna, och sys ihop.\u00a0Jag b\u00f6rjade med kroppen och det gick bra tills det var dags f\u00f6r \u00e4rmarna. Egentligen ville jag sticka dem uppifr\u00e5n och ner och plocka upp maskor runt \u00e4rmh\u00e5let. Jag f\u00f6rs\u00f6kte flera g\u00e5nger innan jag k\u00e4nde att jag beh\u00f6vde en paus fr\u00e5n projektet.<\/p>\n<p>Efter fyra m\u00e5nader k\u00e4nde jag att det var dags igen. Jag best\u00e4mde mig f\u00f6r att g\u00f6ra enligt m\u00f6nstret och sticka nerifr\u00e5n och upp. Jag hade f\u00f6rst provat att l\u00e4gga upp\u00a056 maskor och konstaterat att det var f\u00f6r stort. Jag kom fram till att 40 var lagom. Jag stickade f\u00e4rdigt \u00e4rmarna, maskade av och sydde fast dem.<\/p>\n<p>Fr\u00e5n b\u00f6rjan hade jag misst\u00e4nkt att jag kanske skulle tycka att kroppen skulle vara i kortaste laget.\u00a0Efter monteringen var klar och jag inte hade f\u00e4st alla \u00e4ndar best\u00e4mde jag mig f\u00f6r att f\u00f6rl\u00e4nga den. Jag klippte av garnet i mitten p\u00e5 kroppen (mellan \u00f6kningar och minskningar i midjan) och repade upp en rad. \u00d6verdelen satte jag p\u00e5 en kabel och fortsatte sticka p\u00e5 nederdelen. Tre r\u00e4nder lade jag till. Sedan blev det mycket kitchener stitch. Det var extra pilligt i kanterna eftersom det var 1-1-res\u00e5r d\u00e4r.<\/p>\n\n\t\t<style type=\"text\/css\">\n\t\t\t#gallery-1 {\n\t\t\t\tmargin: auto;\n\t\t\t}\n\t\t\t#gallery-1 .gallery-item {\n\t\t\t\tfloat: left;\n\t\t\t\tmargin-top: 10px;\n\t\t\t\ttext-align: center;\n\t\t\t\twidth: 33%;\n\t\t\t}\n\t\t\t#gallery-1 img {\n\t\t\t\tborder: 2px solid #cfcfcf;\n\t\t\t}\n\t\t\t#gallery-1 .gallery-caption {\n\t\t\t\tmargin-left: 0;\n\t\t\t}\n\t\t\t\/* see gallery_shortcode() in wp-includes\/media.php *\/\n\t\t<\/style>\n\t\t<div id='gallery-1' class='gallery galleryid-1193 gallery-columns-3 gallery-size-thumbnail'><dl class='gallery-item'>\n\t\t\t<dt class='gallery-icon portrait'>\n\t\t\t\t<a rel=\"gallery-1193\" href='http:\/\/elsbth.se\/sy\/wp-content\/uploads\/2016\/01\/flaming-june-kitchener-rib.jpg'><img loading=\"lazy\" decoding=\"async\" width=\"150\" height=\"150\" src=\"http:\/\/elsbth.se\/sy\/wp-content\/uploads\/2016\/01\/flaming-june-kitchener-rib-150x150.jpg\" class=\"attachment-thumbnail size-thumbnail\" alt=\"Flaming June kitchener stitch\" aria-describedby=\"gallery-1-1252\" \/><\/a>\n\t\t\t<\/dt>\n\t\t\t\t<dd class='wp-caption-text gallery-caption' id='gallery-1-1252'>\n\t\t\t\tFlaming June kitchener stitch\n\t\t\t\t<\/dd><\/dl>\n\t\t\t<br style='clear: both' \/>\n\t\t<\/div>\n\n<h2>Slutsats<\/h2>\n<p>Detta var f\u00f6rsta koftan jag stickade i garn med lin och bomull i. F\u00f6rsta koftan som inte var n\u00e5gon ull alls i, utan avsedd f\u00f6r den varmare delen av \u00e5ret. Innan jag f\u00f6rl\u00e4ngde den anv\u00e4nde jag den en dag f\u00f6r att k\u00e4nna efter om jag ville ha den l\u00e4ngre, eller om det var lagom. D\u00e5 k\u00e4ndes den, bortsett fr\u00e5n l\u00e4ngden, v\u00e4ldigt bra.<\/p>\n<p>Att den inte har n\u00e5gon kn\u00e4ppning kanske inte g\u00f6r n\u00e5got. Innan jag g\u00f6r n\u00e5got \u00e5t det vill jag anv\u00e4nda den mer. Kragen f\u00e5r jag ocks\u00e5 se om den kan bete sig, eller om jag ska sy fast den s\u00e5 den ligger fint. Kan vara s\u00e5 att blockningen gjorde sitt till med kragen.<\/p>\n<p>Nu v\u00e4ntar jag p\u00e5 varmare tider s\u00e5 jag vill b\u00f6rja anv\u00e4nda den p\u00e5 riktigt!<\/p>\n<p><em>Stickad februari &#8211; november 2015<\/em><\/p>\n\n\t\t<style type=\"text\/css\">\n\t\t\t#gallery-2 {\n\t\t\t\tmargin: auto;\n\t\t\t}\n\t\t\t#gallery-2 .gallery-item {\n\t\t\t\tfloat: left;\n\t\t\t\tmargin-top: 10px;\n\t\t\t\ttext-align: center;\n\t\t\t\twidth: 33%;\n\t\t\t}\n\t\t\t#gallery-2 img {\n\t\t\t\tborder: 2px solid #cfcfcf;\n\t\t\t}\n\t\t\t#gallery-2 .gallery-caption {\n\t\t\t\tmargin-left: 0;\n\t\t\t}\n\t\t\t\/* see gallery_shortcode() in wp-includes\/media.php *\/\n\t\t<\/style>\n\t\t<div id='gallery-2' class='gallery galleryid-1193 gallery-columns-3 gallery-size-thumbnail'><dl class='gallery-item'>\n\t\t\t<dt class='gallery-icon portrait'>\n\t\t\t\t<a rel=\"gallery-1193\" href='http:\/\/elsbth.se\/sy\/wp-content\/uploads\/2016\/01\/flaming-fram.jpg'><img loading=\"lazy\" decoding=\"async\" width=\"150\" height=\"150\" src=\"http:\/\/elsbth.se\/sy\/wp-content\/uploads\/2016\/01\/flaming-fram-150x150.jpg\" class=\"attachment-thumbnail size-thumbnail\" alt=\"Flaming June fram\" aria-describedby=\"gallery-2-1199\" \/><\/a>\n\t\t\t<\/dt>\n\t\t\t\t<dd class='wp-caption-text gallery-caption' id='gallery-2-1199'>\n\t\t\t\tFlaming June fram\n\t\t\t\t<\/dd><\/dl><dl class='gallery-item'>\n\t\t\t<dt class='gallery-icon portrait'>\n\t\t\t\t<a rel=\"gallery-1193\" href='http:\/\/elsbth.se\/sy\/wp-content\/uploads\/2016\/01\/flaming-snett-fram.jpg'><img loading=\"lazy\" decoding=\"async\" width=\"150\" height=\"150\" src=\"http:\/\/elsbth.se\/sy\/wp-content\/uploads\/2016\/01\/flaming-snett-fram-150x150.jpg\" class=\"attachment-thumbnail size-thumbnail\" alt=\"Flaming June snett fram\" aria-describedby=\"gallery-2-1201\" \/><\/a>\n\t\t\t<\/dt>\n\t\t\t\t<dd class='wp-caption-text gallery-caption' id='gallery-2-1201'>\n\t\t\t\tFlaming June snett fram\n\t\t\t\t<\/dd><\/dl><dl class='gallery-item'>\n\t\t\t<dt class='gallery-icon portrait'>\n\t\t\t\t<a rel=\"gallery-1193\" href='http:\/\/elsbth.se\/sy\/wp-content\/uploads\/2016\/01\/flaming-sida.jpg'><img loading=\"lazy\" decoding=\"async\" width=\"150\" height=\"150\" src=\"http:\/\/elsbth.se\/sy\/wp-content\/uploads\/2016\/01\/flaming-sida-150x150.jpg\" class=\"attachment-thumbnail size-thumbnail\" alt=\"Flaming June sida\" aria-describedby=\"gallery-2-1200\" \/><\/a>\n\t\t\t<\/dt>\n\t\t\t\t<dd class='wp-caption-text gallery-caption' id='gallery-2-1200'>\n\t\t\t\tFlaming June sida\n\t\t\t\t<\/dd><\/dl><br style=\"clear: both\" \/><dl class='gallery-item'>\n\t\t\t<dt class='gallery-icon portrait'>\n\t\t\t\t<a rel=\"gallery-1193\" href='http:\/\/elsbth.se\/sy\/wp-content\/uploads\/2016\/01\/flaming-wrapped.jpg'><img loading=\"lazy\" decoding=\"async\" width=\"150\" height=\"150\" src=\"http:\/\/elsbth.se\/sy\/wp-content\/uploads\/2016\/01\/flaming-wrapped-150x150.jpg\" class=\"attachment-thumbnail size-thumbnail\" alt=\"Flaming June omlott\" aria-describedby=\"gallery-2-1202\" \/><\/a>\n\t\t\t<\/dt>\n\t\t\t\t<dd class='wp-caption-text gallery-caption' id='gallery-2-1202'>\n\t\t\t\tFlaming June omlott\n\t\t\t\t<\/dd><\/dl><dl class='gallery-item'>\n\t\t\t<dt class='gallery-icon portrait'>\n\t\t\t\t<a rel=\"gallery-1193\" href='http:\/\/elsbth.se\/sy\/wp-content\/uploads\/2016\/01\/flaming-bak.jpg'><img loading=\"lazy\" decoding=\"async\" width=\"150\" height=\"150\" src=\"http:\/\/elsbth.se\/sy\/wp-content\/uploads\/2016\/01\/flaming-bak-150x150.jpg\" class=\"attachment-thumbnail size-thumbnail\" alt=\"Flaming June baksida\" aria-describedby=\"gallery-2-1196\" \/><\/a>\n\t\t\t<\/dt>\n\t\t\t\t<dd class='wp-caption-text gallery-caption' id='gallery-2-1196'>\n\t\t\t\tFlaming June baksida\n\t\t\t\t<\/dd><\/dl><dl class='gallery-item'>\n\t\t\t<dt class='gallery-icon portrait'>\n\t\t\t\t<a rel=\"gallery-1193\" href='http:\/\/elsbth.se\/sy\/wp-content\/uploads\/2016\/01\/flaming-armslut.jpg'><img loading=\"lazy\" decoding=\"async\" width=\"150\" height=\"150\" src=\"http:\/\/elsbth.se\/sy\/wp-content\/uploads\/2016\/01\/flaming-armslut-150x150.jpg\" class=\"attachment-thumbnail size-thumbnail\" alt=\"Flaming June detalj \u00e4rmslut\" aria-describedby=\"gallery-2-1195\" \/><\/a>\n\t\t\t<\/dt>\n\t\t\t\t<dd class='wp-caption-text gallery-caption' id='gallery-2-1195'>\n\t\t\t\tFlaming June detalj \u00e4rmslut\n\t\t\t\t<\/dd><\/dl><br style=\"clear: both\" \/><dl class='gallery-item'>\n\t\t\t<dt class='gallery-icon portrait'>\n\t\t\t\t<a rel=\"gallery-1193\" href='http:\/\/elsbth.se\/sy\/wp-content\/uploads\/2016\/01\/flaming-detalj-axel.jpg'><img loading=\"lazy\" decoding=\"async\" width=\"150\" height=\"150\" src=\"http:\/\/elsbth.se\/sy\/wp-content\/uploads\/2016\/01\/flaming-detalj-axel-150x150.jpg\" class=\"attachment-thumbnail size-thumbnail\" alt=\"Flaming June detalj axel\" aria-describedby=\"gallery-2-1197\" \/><\/a>\n\t\t\t<\/dt>\n\t\t\t\t<dd class='wp-caption-text gallery-caption' id='gallery-2-1197'>\n\t\t\t\tFlaming June detalj axel\n\t\t\t\t<\/dd><\/dl><dl class='gallery-item'>\n\t\t\t<dt class='gallery-icon landscape'>\n\t\t\t\t<a rel=\"gallery-1193\" href='http:\/\/elsbth.se\/sy\/wp-content\/uploads\/2016\/01\/flaming-detalj-nacke.jpg'><img loading=\"lazy\" decoding=\"async\" width=\"150\" height=\"150\" src=\"http:\/\/elsbth.se\/sy\/wp-content\/uploads\/2016\/01\/flaming-detalj-nacke-150x150.jpg\" class=\"attachment-thumbnail size-thumbnail\" alt=\"Flaming June detalj nacke\" aria-describedby=\"gallery-2-1198\" \/><\/a>\n\t\t\t<\/dt>\n\t\t\t\t<dd class='wp-caption-text gallery-caption' id='gallery-2-1198'>\n\t\t\t\tFlaming June detalj nacke\n\t\t\t\t<\/dd><\/dl>\n\t\t\t<br style='clear: both' \/>\n\t\t<\/div>\n\n","protected":false},"excerpt":{"rendered":"<p>Vid en utf\u00f6rs\u00e4ljning i en garnbutik var det halva priset. Jag letade m\u00f6nster p\u00e5 Ravelry inf\u00f6r ett bes\u00f6k d\u00e4r och detta var ett av de m\u00f6nster jag k\u00f6pte garn till d\u00e5. Det fanns inte s\u00e5 m\u00e5nga f\u00e4rger kvar som hade tillr\u00e4ckligt till huvudf\u00e4rgen, men jag tycker jag hittade en bra kombination \u00e4nd\u00e5. Material Garnet Scarlet [&hellip;]<\/p>\n","protected":false},"author":1,"featured_media":1194,"comment_status":"open","ping_status":"open","sticky":false,"template":"","format":"standard","meta":{"footnotes":""},"categories":[31,9,7],"tags":[106],"class_list":["post-1193","post","type-post","status-publish","format-standard","has-post-thumbnail","hentry","category-dam","category-klader","category-sticka","tag-kofta"],"_links":{"self":[{"href":"http:\/\/elsbth.se\/sy\/wp-json\/wp\/v2\/posts\/1193","targetHints":{"allow":["GET"]}}],"collection":[{"href":"http:\/\/elsbth.se\/sy\/wp-json\/wp\/v2\/posts"}],"about":[{"href":"http:\/\/elsbth.se\/sy\/wp-json\/wp\/v2\/types\/post"}],"author":[{"embeddable":true,"href":"http:\/\/elsbth.se\/sy\/wp-json\/wp\/v2\/users\/1"}],"replies":[{"embeddable":true,"href":"http:\/\/elsbth.se\/sy\/wp-json\/wp\/v2\/comments?post=1193"}],"version-history":[{"count":5,"href":"http:\/\/elsbth.se\/sy\/wp-json\/wp\/v2\/posts\/1193\/revisions"}],"predecessor-version":[{"id":1256,"href":"http:\/\/elsbth.se\/sy\/wp-json\/wp\/v2\/posts\/1193\/revisions\/1256"}],"wp:featuredmedia":[{"embeddable":true,"href":"http:\/\/elsbth.se\/sy\/wp-json\/wp\/v2\/media\/1194"}],"wp:attachment":[{"href":"http:\/\/elsbth.se\/sy\/wp-json\/wp\/v2\/media?parent=1193"}],"wp:term":[{"taxonomy":"category","embeddable":true,"href":"http:\/\/elsbth.se\/sy\/wp-json\/wp\/v2\/categories?post=1193"},{"taxonomy":"post_tag","embeddable":true,"href":"http:\/\/elsbth.se\/sy\/wp-json\/wp\/v2\/tags?post=1193"}],"curies":[{"name":"wp","href":"https:\/\/api.w.org\/{rel}","templated":true}]}}