{"id":1939,"date":"2017-10-30T20:55:05","date_gmt":"2017-10-30T19:55:05","guid":{"rendered":"http:\/\/elsbth.se\/sy\/?p=1939"},"modified":"2018-07-16T20:59:05","modified_gmt":"2018-07-16T18:59:05","slug":"vinterplan-2017","status":"publish","type":"post","link":"http:\/\/elsbth.se\/sy\/2017\/10\/vinterplan-2017\/","title":{"rendered":"Vinterplan 2017"},"content":{"rendered":"<p><strong>SKINNHANDSKAR:<\/strong><br \/>\nDetta har jag t\u00e4nkt g\u00f6ra l\u00e4nge &#8211; sy mig ett par v\u00e4lsittande skinnhandskar. Med mina medf\u00f6dda l\u00e5nga fingrar \u00e4r alla damhandskar jag provar f\u00f6r korta och alla herrhandskar f\u00f6r breda.<br \/>\nSkinnjackan k\u00f6ptes p\u00e5 second hand i somras och \u00e4r redan uppspr\u00e4ttad. Flera stora bitar blev det och jag k\u00e4nner mig s\u00e4ker p\u00e5 att det kommer r\u00e4cka.<br \/>\nM\u00f6nster har jag inget \u00e4n, men jag letar. Min bild \u00e4r att g\u00f6ra likadana som de k\u00f6pta skinnhandskar jag har b\u00f6rjat slita ut: Med bred mudd och detaljen med sp\u00e4nnet och remmen.<\/p>\n<p>Ut\u00f6ver detta vill jag sy:<br \/>\n&#8211; En jumper med cowl i viskos-linne-jersey<br \/>\n&#8211; Ett par mjukisbyxor i joggingtyg<\/p>\n<p>Men jag l\u00e4gger inte in dem i planen f\u00f6r jag vill fokusera p\u00e5 skinnhandskarna.<\/p>\n<h2>Resultat<\/h2>\n<p><img loading=\"lazy\" decoding=\"async\" class=\"aligncenter size-full wp-image-1941\" src=\"http:\/\/elsbth.se\/sy\/wp-content\/uploads\/2018\/07\/vinterplan-2017-resultat.jpg\" alt=\"\" width=\"1000\" height=\"700\" srcset=\"http:\/\/elsbth.se\/sy\/wp-content\/uploads\/2018\/07\/vinterplan-2017-resultat.jpg 1000w, http:\/\/elsbth.se\/sy\/wp-content\/uploads\/2018\/07\/vinterplan-2017-resultat-300x210.jpg 300w, http:\/\/elsbth.se\/sy\/wp-content\/uploads\/2018\/07\/vinterplan-2017-resultat-768x538.jpg 768w, http:\/\/elsbth.se\/sy\/wp-content\/uploads\/2018\/07\/vinterplan-2017-resultat-624x437.jpg 624w\" sizes=\"auto, (max-width: 1000px) 100vw, 1000px\" \/><\/p>\n<p><strong>SKINNHANDSKAR:<\/strong><br \/>\nInte f\u00e4rdig med toillen. Jag b\u00f6rjade med en Pinterest-tavla med tanken att rita m\u00f6nstret sj\u00e4lv utifr\u00e5n vad jag hittade f\u00f6r gratism\u00f6nster och tutorials. Gick hyfsat bra tills jag kom till tumfliken.<br \/>\nHittade ett Buttericks-m\u00f6nster p\u00e5 n\u00e4tet och v\u00e4ntade tills det kom p\u00e5 posten. M\u00f6nstret inneh\u00f6ll ingen tumflik och jag var inte helt n\u00f6jd med passformen p\u00e5 toillen.<br \/>\nF\u00f6rs\u00f6kte nu i helgen igen och byggde vidare p\u00e5 mitt f\u00f6rsta m\u00f6nster, men f\u00e5r inte alls till tummen.<br \/>\nM\u00e5let nu \u00e4r att jobba med handskarna d\u00e5 och d\u00e5 och ha de f\u00e4rdiga till n\u00e4sta s\u00e4song.<\/p>\n<p><strong>TREGO:<\/strong><br \/>\nRowan Chunky hemp tweed<br \/>\nK\u00f6pte m\u00f6nstret och garnet f\u00f6r \u00f6ver ett \u00e5r sedan. Nu \u00e4ntligen blev det en v\u00e4rmande l\u00e5ng kofta. Tyv\u00e4rr blev krag-\/knappkanten inte lika bred som den skulle vara i m\u00f6nstret, f\u00f6r garnet tog slut.<br \/>\nJag lade till fickorna och knapph\u00e5len. Knapparna har jag och de ska dit efter blockning.<\/p>\n<p><strong>LITTLE STRIPE CARDIGAN:<\/strong><br \/>\nAlabama, Rowan Studios 31<br \/>\nKPC Novomerino 4ply<br \/>\nFr\u00e5n tidigare plan: \u00c4ntligen \u00e4r den klar! Dock ska den blockas ocks\u00e5.<\/p>\n<p><strong>COWL-TOP:<\/strong><br \/>\n111 Burda Style 04\/2014<br \/>\nTunn jersey av viskos\/lin fr\u00e5n Ohlssons<br \/>\nIntressant konstruktion eftersom det \u00e4r som en vanlig top p\u00e5 h\u00f6ger sida och en l\u00e5ng vikning med ett \u00e4rmh\u00e5l p\u00e5 tv\u00e4ren p\u00e5 v\u00e4nster sida. Jag tycker om den!<\/p>\n<p><strong>JULKL\u00c4NNING:<\/strong><br \/>\nVogue Rebecca Taylor, V1315<br \/>\nJersey fr\u00e5n Stoff&amp;Stil<br \/>\nFick m\u00f6nstret i v\u00e5ras och k\u00f6pte tyg till det i somras. Dr\u00f6jde dock innan jag b\u00f6rjade sy eftersom jag var os\u00e4ker p\u00e5 om jag valt r\u00e4tt sorts tyg. Jag chansade och det gick bra.<\/p>\n","protected":false},"excerpt":{"rendered":"<p>SKINNHANDSKAR: Detta har jag t\u00e4nkt g\u00f6ra l\u00e4nge &#8211; sy mig ett par v\u00e4lsittande skinnhandskar. Med mina medf\u00f6dda l\u00e5nga fingrar \u00e4r alla damhandskar jag provar f\u00f6r korta och alla herrhandskar f\u00f6r breda. Skinnjackan k\u00f6ptes p\u00e5 second hand i somras och \u00e4r redan uppspr\u00e4ttad. Flera stora bitar blev det och jag k\u00e4nner mig s\u00e4ker p\u00e5 att det [&hellip;]<\/p>\n","protected":false},"author":1,"featured_media":1940,"comment_status":"open","ping_status":"open","sticky":false,"template":"","format":"standard","meta":{"footnotes":""},"categories":[31,19,9,7,2,140],"tags":[],"class_list":["post-1939","post","type-post","status-publish","format-standard","has-post-thumbnail","hentry","category-dam","category-egen-design","category-klader","category-sticka","category-sy","category-sy-garderoben-med-en-plan"],"_links":{"self":[{"href":"http:\/\/elsbth.se\/sy\/wp-json\/wp\/v2\/posts\/1939","targetHints":{"allow":["GET"]}}],"collection":[{"href":"http:\/\/elsbth.se\/sy\/wp-json\/wp\/v2\/posts"}],"about":[{"href":"http:\/\/elsbth.se\/sy\/wp-json\/wp\/v2\/types\/post"}],"author":[{"embeddable":true,"href":"http:\/\/elsbth.se\/sy\/wp-json\/wp\/v2\/users\/1"}],"replies":[{"embeddable":true,"href":"http:\/\/elsbth.se\/sy\/wp-json\/wp\/v2\/comments?post=1939"}],"version-history":[{"count":1,"href":"http:\/\/elsbth.se\/sy\/wp-json\/wp\/v2\/posts\/1939\/revisions"}],"predecessor-version":[{"id":1942,"href":"http:\/\/elsbth.se\/sy\/wp-json\/wp\/v2\/posts\/1939\/revisions\/1942"}],"wp:featuredmedia":[{"embeddable":true,"href":"http:\/\/elsbth.se\/sy\/wp-json\/wp\/v2\/media\/1940"}],"wp:attachment":[{"href":"http:\/\/elsbth.se\/sy\/wp-json\/wp\/v2\/media?parent=1939"}],"wp:term":[{"taxonomy":"category","embeddable":true,"href":"http:\/\/elsbth.se\/sy\/wp-json\/wp\/v2\/categories?post=1939"},{"taxonomy":"post_tag","embeddable":true,"href":"http:\/\/elsbth.se\/sy\/wp-json\/wp\/v2\/tags?post=1939"}],"curies":[{"name":"wp","href":"https:\/\/api.w.org\/{rel}","templated":true}]}}