{"id":1943,"date":"2018-04-26T10:03:35","date_gmt":"2018-04-26T08:03:35","guid":{"rendered":"http:\/\/elsbth.se\/sy\/?p=1943"},"modified":"2018-07-17T10:06:29","modified_gmt":"2018-07-17T08:06:29","slug":"sommarplan-2018","status":"publish","type":"post","link":"http:\/\/elsbth.se\/sy\/2018\/04\/sommarplan-2018\/","title":{"rendered":"Sommarplan 2018"},"content":{"rendered":"<p><strong>TOPPAR, LINNEN, JUMPRAR:<\/strong><br \/>\nJag har v\u00e4ldigt ofta ett linne underst och de vita innen jag \u00e4ger har h\u00e4ngt mer m\u00e5nga \u00e5r. De b\u00f6rjar f\u00e5 s\u00e5 m\u00e5nga h\u00e5l att jag snart kan med att klippa upp och sy nya. F\u00f6rhoppningsvis vlir det toppar och jumprar med hell\u00e5ng \u00e4rm ocks\u00e5, men linnen \u00e4r prioriterade.<br \/>\nHar k\u00f6pt jersey i 100% bomull till detta.<\/p>\n<p><strong>MYSBYXOR:<\/strong><br \/>\nTyget k\u00f6ptes i somras. Har ett m\u00f6nster i en Burda-tidning, men har samtidigt sneglat l\u00e4nge p\u00e5 Hudson pants. F\u00e5r se vilket det blir.<\/p>\n<p><strong>L\u00c5NGKL\u00c4NNING:<\/strong><br \/>\nJag gillar jersey-kl\u00e4nningar med res\u00e5r i midjan. Den gr\u00e5a p\u00e5 bilden sydde jag f\u00f6r ett par \u00e5r sedan. Den slutar ovanf\u00f6r kn\u00e4na, men jag skulle g\u00e4rna vilja ha en hell\u00e5ng i samma modell ocks\u00e5.<br \/>\nKommer antagligen justera m\u00f6nstret n\u00e5got under processen.<\/p>\n<p><strong>LIBERTY-BONUS?<\/strong><br \/>\nDe tv\u00e5 Liberty-tyger jag k\u00f6pte i augusti 2017 ligger fortfarande or\u00f6rda. De v\u00e4ntar p\u00e5 inspiration och ett pl\u00f6tsligt infall \ud83d\ude09<\/p>\n<h2>Resultat<\/h2>\n<p><img loading=\"lazy\" decoding=\"async\" class=\"aligncenter size-full wp-image-1944\" src=\"http:\/\/elsbth.se\/sy\/wp-content\/uploads\/2018\/07\/min-garderob-2018-2-CS5-resultat.jpg\" alt=\"\" width=\"1000\" height=\"700\" srcset=\"http:\/\/elsbth.se\/sy\/wp-content\/uploads\/2018\/07\/min-garderob-2018-2-CS5-resultat.jpg 1000w, http:\/\/elsbth.se\/sy\/wp-content\/uploads\/2018\/07\/min-garderob-2018-2-CS5-resultat-300x210.jpg 300w, http:\/\/elsbth.se\/sy\/wp-content\/uploads\/2018\/07\/min-garderob-2018-2-CS5-resultat-768x538.jpg 768w, http:\/\/elsbth.se\/sy\/wp-content\/uploads\/2018\/07\/min-garderob-2018-2-CS5-resultat-624x437.jpg 624w\" sizes=\"auto, (max-width: 1000px) 100vw, 1000px\" \/><\/p>\n<p>F\u00f6rsta helgen i juli hade jag sy-lan. D\u00e5 k\u00f6rde jag slutspurt p\u00e5 sommarplanen och sydde fyra av de redovisade plaggen.<\/p>\n<p><strong>TOPPAR, LINNEN:<\/strong><\/p>\n<p>[Uppe v\u00e4nster]<br \/>\n\u00c4ntligen fick jag till en t-shirt som k\u00e4ndes bra och satt lagom tight! Jag m\u00e4rker nu en tydlig skillnad p\u00e5 bomullsjersey med och utan elastan. Det vita tyget jag anv\u00e4nt \u00e4r utan, men jag hoppas det g\u00f6ra att det jag syr h\u00e5ller formen l\u00e4ngre.<\/p>\n<p>[Uppe h\u00f6ger]<br \/>\nEn oversized k\u00f6petop som f\u00e5tt h\u00e5l i sig i tv\u00e4ttten klippte jag \u00e4ntligen s\u00f6nder i s\u00f6mmarna och ritade av. Fick g\u00f6ra n\u00e5gra justeringar i axels\u00f6mmen och vimma \u00e4rmkullarna (och l\u00e4rde mig vad vim \u00e4r). T\u00e4nkte fr\u00e5n b\u00f6rjan g\u00f6ra ett uppvik p\u00e5 \u00e4rmslutet, men jag hann gl\u00f6mma och f\u00e5lla vanligt, s\u00e5 jag l\u00e4t f\u00e5llen vara kvar. Testade bandkantare p\u00e5 ett projekt f\u00f6r f\u00f6rsta g\u00e5ngen h\u00e4r, halsringningen blev bandkantad. Sydde p\u00e5 en sushi-ficka f\u00f6r att g\u00f6ra den roligare.<\/p>\n<p>[Nere v\u00e4nster]<br \/>\nSushi-tyget var impulsk\u00f6p. F\u00f6ljde mitt raglan-m\u00f6nster, s\u00e5 den gick snabbt.<\/p>\n<p>[Nere h\u00f6ger]<br \/>\nHittade ett linne med brottarrygg i Burda style 06\/2014. Fick justera h\u00f6jden vid axeln och trixa, men fick ihop det. En b\u00e4rbar test. F\u00e5r se sen hur kr\u00e5ngligt det \u00e4r att g\u00f6ra om till &#8221;raka&#8221; axelband ist\u00e4llet f\u00f6r brottarryggen.<\/p>\n<p><strong>L\u00c5NGKL\u00c4NNING:<\/strong><br \/>\nGjorde halsringningen tightare \u00e4n p\u00e5 f\u00f6reg\u00e5ngaren. La till fickor i sids\u00f6mmarna ocks\u00e5, improviserade och inte helt n\u00f6jd. Tyget \u00e4r en fladdrig viskosjersey, och det finns nog inte mycket jag kan l\u00e4gga i fickorna utan att det drar f\u00f6r mycket. M\u00e4ngden tyg i kjoldelen g\u00f6r redan att den \u00e4r tung. Funderar p\u00e5 om jag ska g\u00f6ra den sn\u00e4vare och skippa fickorna. Jag \u00e4r i alla fall v\u00e4ldigt n\u00f6jd med passformen p\u00e5 \u00f6verdelen.<br \/>\nJag \u00e4r 1,78 l\u00e5ng och k\u00f6pte 1,7m tyg (140cm brett). Det var precis att jag fick ut alla delar, f\u00f6r jag v\u00e4nde ena \u00e4rmen uppochner. Inga spillbitar att spara p\u00e5 allts\u00e5. Det \u00e4r s\u00e4llan det h\u00e4nder f\u00f6r mig.<\/p>\n<p><strong>MYSBYXOR:<\/strong><br \/>\nEftersom mysbyxor inte beh\u00f6ver s\u00e4rskild passform, s\u00e5 gick jag efter m\u00f6nsterdelarna utan att rita om. Jag f\u00f6rl\u00e4ngde benen, som jag brukar, och valde en annan st\u00f6rre bakficka.<br \/>\nBurda style 03\/2014.<\/p>\n<p><strong>TR\u00c4DG\u00c5RDSBYXOR:<\/strong><br \/>\n\u00c4ntligen har jag f\u00e5tt till &#8221;bare minimum&#8221; av dessa h\u00e4ngslebyxor! Jag brottades med att f\u00e5 till en ficka f\u00f6r kn\u00e4skydden snyggt p\u00e5 toilen, men i denna version har jag bara gjort ner till ovanf\u00f6r kn\u00e4t. Eftersom benen ska vara delbara har jag skjutit kn\u00e4skyddsdelen p\u00e5 framtiden.<br \/>\nDenim-tyget k\u00e4nns i tjockaste laget just nu. Det beror nog p\u00e5 att det \u00e4r s\u00e5 varmet ute. Och jag \u00e4r nog inte helt n\u00f6jd med grens\u00f6mmen, men det \u00e4r tr\u00e4dg\u00e5rdsbyxor &#8211; de beh\u00f6ver inte sitta helt perfekt. Huvudsaken \u00e4r att jag kan ha p\u00e5 mig dem, att de \u00e4r tillr\u00e4ckligt l\u00e5nga, att jag kan r\u00f6ra mig i dem och stoppa saker jag beh\u00f6ver i fickorna.<\/p>\n<p><strong>BORDE VARIT MED:<\/strong><br \/>\nEftersom min cykel nu \u00e4r fixad har jag cyklat en del. Med v\u00e4rmen som varit s\u00e5 har jag kunnat konstatera att jag saknar snygga somriga shorts. F\u00e5r se om det blir n\u00e5got nu i sommar, annars kommer det med i n\u00e4sta sommarplan.<\/p>\n","protected":false},"excerpt":{"rendered":"<p>TOPPAR, LINNEN, JUMPRAR: Jag har v\u00e4ldigt ofta ett linne underst och de vita innen jag \u00e4ger har h\u00e4ngt mer m\u00e5nga \u00e5r. De b\u00f6rjar f\u00e5 s\u00e5 m\u00e5nga h\u00e5l att jag snart kan med att klippa upp och sy nya. F\u00f6rhoppningsvis vlir det toppar och jumprar med hell\u00e5ng \u00e4rm ocks\u00e5, men linnen \u00e4r prioriterade. Har k\u00f6pt jersey [&hellip;]<\/p>\n","protected":false},"author":1,"featured_media":1945,"comment_status":"open","ping_status":"open","sticky":false,"template":"","format":"standard","meta":{"footnotes":""},"categories":[31,19,9,2,140],"tags":[],"class_list":["post-1943","post","type-post","status-publish","format-standard","has-post-thumbnail","hentry","category-dam","category-egen-design","category-klader","category-sy","category-sy-garderoben-med-en-plan"],"_links":{"self":[{"href":"http:\/\/elsbth.se\/sy\/wp-json\/wp\/v2\/posts\/1943","targetHints":{"allow":["GET"]}}],"collection":[{"href":"http:\/\/elsbth.se\/sy\/wp-json\/wp\/v2\/posts"}],"about":[{"href":"http:\/\/elsbth.se\/sy\/wp-json\/wp\/v2\/types\/post"}],"author":[{"embeddable":true,"href":"http:\/\/elsbth.se\/sy\/wp-json\/wp\/v2\/users\/1"}],"replies":[{"embeddable":true,"href":"http:\/\/elsbth.se\/sy\/wp-json\/wp\/v2\/comments?post=1943"}],"version-history":[{"count":1,"href":"http:\/\/elsbth.se\/sy\/wp-json\/wp\/v2\/posts\/1943\/revisions"}],"predecessor-version":[{"id":1946,"href":"http:\/\/elsbth.se\/sy\/wp-json\/wp\/v2\/posts\/1943\/revisions\/1946"}],"wp:featuredmedia":[{"embeddable":true,"href":"http:\/\/elsbth.se\/sy\/wp-json\/wp\/v2\/media\/1945"}],"wp:attachment":[{"href":"http:\/\/elsbth.se\/sy\/wp-json\/wp\/v2\/media?parent=1943"}],"wp:term":[{"taxonomy":"category","embeddable":true,"href":"http:\/\/elsbth.se\/sy\/wp-json\/wp\/v2\/categories?post=1943"},{"taxonomy":"post_tag","embeddable":true,"href":"http:\/\/elsbth.se\/sy\/wp-json\/wp\/v2\/tags?post=1943"}],"curies":[{"name":"wp","href":"https:\/\/api.w.org\/{rel}","templated":true}]}}