{"id":429,"date":"2013-03-10T11:23:14","date_gmt":"2013-03-10T10:23:14","guid":{"rendered":"http:\/\/elsbth.se\/sy\/?p=429"},"modified":"2013-03-10T11:23:14","modified_gmt":"2013-03-10T10:23:14","slug":"svart-gra-little-coffee-bean","status":"publish","type":"post","link":"http:\/\/elsbth.se\/sy\/2013\/03\/svart-gra-little-coffee-bean\/","title":{"rendered":"Svart &#038; gr\u00e5 Little coffee bean"},"content":{"rendered":"<p>Mitt f\u00f6rsta babyplagg blev en Little coffee bean. En enkel och s\u00f6ml\u00f6s modell utan f\u00f6r mycket m\u00f6nsterstickning och nya tekniker.<\/p>\n<h2>Material<\/h2>\n<p>Jag \u00e5kte ut till Stoff &amp; Stil f\u00f6r att k\u00f6pa garn och stickor. Det blev <a title=\"Stoff &amp; Stil\" href=\"http:\/\/www.stoffochstil.se\/Katalog\/Sytilbehoer.aspx?group_id=9005&amp;articleid=29041\" target=\"_blank\">garn av 100% merinoull<\/a> i svart och ljusgr\u00e5tt, och de fyra sorters stickor jag beh\u00f6vde.<\/p>\n<p>M\u00f6nstret kommer fr\u00e5n Ravelry &#8211; <a title=\"Ravelry\" href=\"http:\/\/www.ravelry.com\/patterns\/library\/little-coffee-bean-cardigan\" target=\"_blank\">Little Coffee Bean Cardigan av Elizabeth Smith<\/a>. Jag valde storleken f\u00f6r 3 m\u00e5nader.<\/p>\n<h2>S\u00e5 h\u00e4r stickade jag Little coffee bean<\/h2>\n<p>Jag b\u00f6rjade med kragen uppifr\u00e5n. N\u00e4r jag kom ner till axlarna och b\u00f6rjade \u00f6ka maskorna f\u00f6r \u00e4rmarna b\u00f6rjade det se konstigt ut och n\u00e4r jag r\u00e4knade maskorna gick det inte alls j\u00e4mnt upp. S\u00e5klart r\u00e5dfr\u00e5gade jag Stickklubben. Anledningen till att det blev fel var att jag inte anv\u00e4nt stickmark\u00f6rerna p\u00e5 r\u00e4tt s\u00e4tt. Jag hade knutit fast en garnstump i min stickning och hade sv\u00e5rt att f\u00f6lja m\u00f6nstret. Jag repade upp n\u00e4stan hela stickningen och gjorde om. N\u00e4r jag till slut l\u00e4rde mig att anv\u00e4nda stickmark\u00f6rerna ordentligt blev det genast mycket b\u00e4ttre!<\/p>\n<p>Sedan gick det som p\u00e5 r\u00e4ls, tills jag b\u00f6rjade p\u00e5 kofta nummer 2. D\u00e5 m\u00e4rkte jag att jag inte ribbstickat kragen i en f\u00e4rg, utan sl\u00e4tstickat randigt. jag kunde repat upp och stickat om det. Ist\u00e4llet virkade jag ett varv f\u00f6r att f\u00e5 mer stadga och blev n\u00f6jd med resultatet \u00e4nd\u00e5.<\/p>\n<h2>Slutsats<\/h2>\n<p>Jag \u00e4r v\u00e4ldigt n\u00f6jd med min f\u00f6rsta Coffee bean. Jag har ju gjort en till och kommer s\u00e4kert g\u00f6ra fler i framtiden. \u00c4rmarna var n\u00e5got kr\u00e5ngliga att sticka eftersom de var sm\u00e5 och strumpstickor 5 var tunga. Jag l\u00f6ste det genom att l\u00e4gga stickningen antingen p\u00e5 ett bord eller p\u00e5 en kudde i mitt kn\u00e4. N\u00e4r det var dags att v\u00e4lja knappar hittade jag till slut tv\u00e5f\u00e4rgade knappar som matchade det svarta och gr\u00e5a garnet.<\/p>\n\n\t\t<style type=\"text\/css\">\n\t\t\t#gallery-1 {\n\t\t\t\tmargin: auto;\n\t\t\t}\n\t\t\t#gallery-1 .gallery-item {\n\t\t\t\tfloat: left;\n\t\t\t\tmargin-top: 10px;\n\t\t\t\ttext-align: center;\n\t\t\t\twidth: 33%;\n\t\t\t}\n\t\t\t#gallery-1 img {\n\t\t\t\tborder: 2px solid #cfcfcf;\n\t\t\t}\n\t\t\t#gallery-1 .gallery-caption {\n\t\t\t\tmargin-left: 0;\n\t\t\t}\n\t\t\t\/* see gallery_shortcode() in wp-includes\/media.php *\/\n\t\t<\/style>\n\t\t<div id='gallery-1' class='gallery galleryid-429 gallery-columns-3 gallery-size-thumbnail'><dl class='gallery-item'>\n\t\t\t<dt class='gallery-icon landscape'>\n\t\t\t\t<a rel=\"gallery-429\" href='http:\/\/elsbth.se\/sy\/wp-content\/uploads\/2013\/03\/little_coffee_bean_svart_gra_front.jpg'><img loading=\"lazy\" decoding=\"async\" width=\"150\" height=\"150\" src=\"http:\/\/elsbth.se\/sy\/wp-content\/uploads\/2013\/03\/little_coffee_bean_svart_gra_front-150x150.jpg\" class=\"attachment-thumbnail size-thumbnail\" alt=\"Little coffee bean framsida\" aria-describedby=\"gallery-1-434\" \/><\/a>\n\t\t\t<\/dt>\n\t\t\t\t<dd class='wp-caption-text gallery-caption' id='gallery-1-434'>\n\t\t\t\tKofta framsida\n\t\t\t\t<\/dd><\/dl><dl class='gallery-item'>\n\t\t\t<dt class='gallery-icon landscape'>\n\t\t\t\t<a rel=\"gallery-429\" href='http:\/\/elsbth.se\/sy\/wp-content\/uploads\/2013\/03\/little_coffee_bean_svart_gra_oppnad.jpg'><img loading=\"lazy\" decoding=\"async\" width=\"150\" height=\"150\" src=\"http:\/\/elsbth.se\/sy\/wp-content\/uploads\/2013\/03\/little_coffee_bean_svart_gra_oppnad-150x150.jpg\" class=\"attachment-thumbnail size-thumbnail\" alt=\"Little coffee bean \u00f6ppen\" aria-describedby=\"gallery-1-431\" \/><\/a>\n\t\t\t<\/dt>\n\t\t\t\t<dd class='wp-caption-text gallery-caption' id='gallery-1-431'>\n\t\t\t\tKofta \u00f6ppen\n\t\t\t\t<\/dd><\/dl><dl class='gallery-item'>\n\t\t\t<dt class='gallery-icon portrait'>\n\t\t\t\t<a rel=\"gallery-429\" href='http:\/\/elsbth.se\/sy\/wp-content\/uploads\/2013\/03\/little_coffee_bean_svart_gra_knapphal.jpg'><img loading=\"lazy\" decoding=\"async\" width=\"150\" height=\"150\" src=\"http:\/\/elsbth.se\/sy\/wp-content\/uploads\/2013\/03\/little_coffee_bean_svart_gra_knapphal-150x150.jpg\" class=\"attachment-thumbnail size-thumbnail\" alt=\"Little coffee bean knapph\u00e5l\" aria-describedby=\"gallery-1-436\" \/><\/a>\n\t\t\t<\/dt>\n\t\t\t\t<dd class='wp-caption-text gallery-caption' id='gallery-1-436'>\n\t\t\t\tKofta knapph\u00e5l\n\t\t\t\t<\/dd><\/dl><br style=\"clear: both\" \/><dl class='gallery-item'>\n\t\t\t<dt class='gallery-icon landscape'>\n\t\t\t\t<a rel=\"gallery-429\" href='http:\/\/elsbth.se\/sy\/wp-content\/uploads\/2013\/03\/little_coffee_bean_svart_gra_detalj.jpg'><img loading=\"lazy\" decoding=\"async\" width=\"150\" height=\"150\" src=\"http:\/\/elsbth.se\/sy\/wp-content\/uploads\/2013\/03\/little_coffee_bean_svart_gra_detalj-150x150.jpg\" class=\"attachment-thumbnail size-thumbnail\" alt=\"Little coffee bean detalj - krage &amp; knappar\" aria-describedby=\"gallery-1-432\" \/><\/a>\n\t\t\t<\/dt>\n\t\t\t\t<dd class='wp-caption-text gallery-caption' id='gallery-1-432'>\n\t\t\t\tDetalj krage &#038; knappar\n\t\t\t\t<\/dd><\/dl><dl class='gallery-item'>\n\t\t\t<dt class='gallery-icon landscape'>\n\t\t\t\t<a rel=\"gallery-429\" href='http:\/\/elsbth.se\/sy\/wp-content\/uploads\/2013\/03\/little_coffee_bean_svart_gra_utsida.jpg'><img loading=\"lazy\" decoding=\"async\" width=\"150\" height=\"150\" src=\"http:\/\/elsbth.se\/sy\/wp-content\/uploads\/2013\/03\/little_coffee_bean_svart_gra_utsida-150x150.jpg\" class=\"attachment-thumbnail size-thumbnail\" alt=\"Little coffee bean m\u00f6nster utsida\" aria-describedby=\"gallery-1-433\" \/><\/a>\n\t\t\t<\/dt>\n\t\t\t\t<dd class='wp-caption-text gallery-caption' id='gallery-1-433'>\n\t\t\t\tM\u00f6nster utsida\n\t\t\t\t<\/dd><\/dl><dl class='gallery-item'>\n\t\t\t<dt class='gallery-icon landscape'>\n\t\t\t\t<a rel=\"gallery-429\" href='http:\/\/elsbth.se\/sy\/wp-content\/uploads\/2013\/03\/little_coffee_bean_svart_gra_insida.jpg'><img loading=\"lazy\" decoding=\"async\" width=\"150\" height=\"150\" src=\"http:\/\/elsbth.se\/sy\/wp-content\/uploads\/2013\/03\/little_coffee_bean_svart_gra_insida-150x150.jpg\" class=\"attachment-thumbnail size-thumbnail\" alt=\"Little coffee bean m\u00f6nster insida\" aria-describedby=\"gallery-1-435\" \/><\/a>\n\t\t\t<\/dt>\n\t\t\t\t<dd class='wp-caption-text gallery-caption' id='gallery-1-435'>\n\t\t\t\tM\u00f6nster insida\n\t\t\t\t<\/dd><\/dl><br style=\"clear: both\" \/>\n\t\t<\/div>\n\n","protected":false},"excerpt":{"rendered":"<p>Mitt f\u00f6rsta babyplagg blev en Little coffee bean. En enkel och s\u00f6ml\u00f6s modell utan f\u00f6r mycket m\u00f6nsterstickning och nya tekniker. Material Jag \u00e5kte ut till Stoff &amp; Stil f\u00f6r att k\u00f6pa garn och stickor. Det blev garn av 100% merinoull i svart och ljusgr\u00e5tt, och de fyra sorters stickor jag beh\u00f6vde. M\u00f6nstret kommer fr\u00e5n Ravelry [&hellip;]<\/p>\n","protected":false},"author":1,"featured_media":430,"comment_status":"open","ping_status":"open","sticky":false,"template":"","format":"standard","meta":{"footnotes":""},"categories":[32,9,7],"tags":[73,75,74],"class_list":["post-429","post","type-post","status-publish","format-standard","has-post-thumbnail","hentry","category-barn","category-klader","category-sticka","tag-little-coffee-bean","tag-randigt","tag-stickmarkorer"],"_links":{"self":[{"href":"http:\/\/elsbth.se\/sy\/wp-json\/wp\/v2\/posts\/429","targetHints":{"allow":["GET"]}}],"collection":[{"href":"http:\/\/elsbth.se\/sy\/wp-json\/wp\/v2\/posts"}],"about":[{"href":"http:\/\/elsbth.se\/sy\/wp-json\/wp\/v2\/types\/post"}],"author":[{"embeddable":true,"href":"http:\/\/elsbth.se\/sy\/wp-json\/wp\/v2\/users\/1"}],"replies":[{"embeddable":true,"href":"http:\/\/elsbth.se\/sy\/wp-json\/wp\/v2\/comments?post=429"}],"version-history":[{"count":8,"href":"http:\/\/elsbth.se\/sy\/wp-json\/wp\/v2\/posts\/429\/revisions"}],"predecessor-version":[{"id":452,"href":"http:\/\/elsbth.se\/sy\/wp-json\/wp\/v2\/posts\/429\/revisions\/452"}],"wp:featuredmedia":[{"embeddable":true,"href":"http:\/\/elsbth.se\/sy\/wp-json\/wp\/v2\/media\/430"}],"wp:attachment":[{"href":"http:\/\/elsbth.se\/sy\/wp-json\/wp\/v2\/media?parent=429"}],"wp:term":[{"taxonomy":"category","embeddable":true,"href":"http:\/\/elsbth.se\/sy\/wp-json\/wp\/v2\/categories?post=429"},{"taxonomy":"post_tag","embeddable":true,"href":"http:\/\/elsbth.se\/sy\/wp-json\/wp\/v2\/tags?post=429"}],"curies":[{"name":"wp","href":"https:\/\/api.w.org\/{rel}","templated":true}]}}