{"id":696,"date":"2013-06-09T15:32:14","date_gmt":"2013-06-09T13:32:14","guid":{"rendered":"http:\/\/elsbth.se\/sy\/?p=696"},"modified":"2013-06-09T15:32:14","modified_gmt":"2013-06-09T13:32:14","slug":"broderad-axel","status":"publish","type":"post","link":"http:\/\/elsbth.se\/sy\/2013\/06\/broderad-axel\/","title":{"rendered":"Broderad axel"},"content":{"rendered":"<p>F\u00f6r att personifiera en t-shirt att ge bort broderade jag axeln p\u00e5 den. Mottagaren gillar Japan och jag tycker japanska tecken \u00e4r fina, s\u00e5 jag gjorde ett eget m\u00f6nster p\u00e5 det.<\/p>\n<h2>Material<\/h2>\n<p>Vit t-shirt. R\u00f6tt broderigarn. Vit bakgrund med r\u00f6d figur motsvarar Japans flagga.<\/p>\n<h2>S\u00e5 gjorde jag<\/h2>\n<p>F\u00f6rst skulle jag hitta ett tecken med en passande betydelse. Jag valde till slut tecknet f\u00f6r &#8221;jag, mig&#8221;. Jag skissade upp tecknet i den storlek jag k\u00e4nde passade och \u00f6verf\u00f6rde sedan det till ett korsstygnsm\u00f6nster.\n\t\t<style type=\"text\/css\">\n\t\t\t#gallery-1 {\n\t\t\t\tmargin: auto;\n\t\t\t}\n\t\t\t#gallery-1 .gallery-item {\n\t\t\t\tfloat: left;\n\t\t\t\tmargin-top: 10px;\n\t\t\t\ttext-align: center;\n\t\t\t\twidth: 33%;\n\t\t\t}\n\t\t\t#gallery-1 img {\n\t\t\t\tborder: 2px solid #cfcfcf;\n\t\t\t}\n\t\t\t#gallery-1 .gallery-caption {\n\t\t\t\tmargin-left: 0;\n\t\t\t}\n\t\t\t\/* see gallery_shortcode() in wp-includes\/media.php *\/\n\t\t<\/style>\n\t\t<div id='gallery-1' class='gallery galleryid-696 gallery-columns-3 gallery-size-thumbnail'><dl class='gallery-item'>\n\t\t\t<dt class='gallery-icon portrait'>\n\t\t\t\t<a rel=\"gallery-696\" href='http:\/\/elsbth.se\/sy\/wp-content\/uploads\/2013\/06\/broderad-axel-monster-skisser.jpg'><img loading=\"lazy\" decoding=\"async\" width=\"150\" height=\"150\" src=\"http:\/\/elsbth.se\/sy\/wp-content\/uploads\/2013\/06\/broderad-axel-monster-skisser-150x150.jpg\" class=\"attachment-thumbnail size-thumbnail\" alt=\"Broderad axel skiss 1\" aria-describedby=\"gallery-1-703\" \/><\/a>\n\t\t\t<\/dt>\n\t\t\t\t<dd class='wp-caption-text gallery-caption' id='gallery-1-703'>\n\t\t\t\tBroderad axel skiss 1\n\t\t\t\t<\/dd><\/dl><dl class='gallery-item'>\n\t\t\t<dt class='gallery-icon portrait'>\n\t\t\t\t<a rel=\"gallery-696\" href='http:\/\/elsbth.se\/sy\/wp-content\/uploads\/2013\/06\/broderad-axel-monster-skiss-tecken.jpg'><img loading=\"lazy\" decoding=\"async\" width=\"150\" height=\"150\" src=\"http:\/\/elsbth.se\/sy\/wp-content\/uploads\/2013\/06\/broderad-axel-monster-skiss-tecken-150x150.jpg\" class=\"attachment-thumbnail size-thumbnail\" alt=\"Broderad axel skiss 2\" aria-describedby=\"gallery-1-697\" \/><\/a>\n\t\t\t<\/dt>\n\t\t\t\t<dd class='wp-caption-text gallery-caption' id='gallery-1-697'>\n\t\t\t\tBroderad axel skiss 2\n\t\t\t\t<\/dd><\/dl><dl class='gallery-item'>\n\t\t\t<dt class='gallery-icon portrait'>\n\t\t\t\t<a rel=\"gallery-696\" href='http:\/\/elsbth.se\/sy\/wp-content\/uploads\/2013\/06\/broderad-axel-monster-korsstygn.jpg'><img loading=\"lazy\" decoding=\"async\" width=\"150\" height=\"150\" src=\"http:\/\/elsbth.se\/sy\/wp-content\/uploads\/2013\/06\/broderad-axel-monster-korsstygn-150x150.jpg\" class=\"attachment-thumbnail size-thumbnail\" alt=\"Broderad axel m\u00f6nster\" aria-describedby=\"gallery-1-702\" \/><\/a>\n\t\t\t<\/dt>\n\t\t\t\t<dd class='wp-caption-text gallery-caption' id='gallery-1-702'>\n\t\t\t\tBroderad axel m\u00f6nster\n\t\t\t\t<\/dd><\/dl><br style=\"clear: both\" \/>\n\t\t<\/div>\n<\/p>\n<p>Innan jag b\u00f6rjade brodera ritade jag av m\u00f6nstret p\u00e5 axeln. P\u00e5 avigsidan av t-shirten ritade jag ett rutm\u00f6nster med prickar d\u00e4r jag skulle sticka n\u00e5len. Jag anv\u00e4nde blyertspenna. H\u00e4r fick jag ta h\u00e4nsyn till axelkullens b\u00f6jning. Efter det var det bara att brodera p\u00e5. Jag fick se till att inte dra \u00e5t garnet f\u00f6r h\u00e5rt.<\/p>\n<h2>Slutsats<\/h2>\n<p>Jag \u00e4r v\u00e4ldigt n\u00f6jd med denna uppiffning av ett enkelt basplagg. S\u00e5klart s\u00e5g broderiet finast ut innan f\u00f6rsta tv\u00e4tten, men sedan f\u00f6rsta tv\u00e4tten har det inte f\u00f6r\u00e4ndrats s\u00e5 mycket. Det \u00e4r mest s\u00e5 att tr\u00e5darna \u00e4r lite b\u00f6jda och ligger platt mot tyget.<\/p>\n<p>Det enda jag kunde gjort b\u00e4ttre \u00e4r att v\u00e4lja en t-shirt av b\u00e4ttre kvalitet. Jag k\u00f6pte en billig p\u00e5 H&amp;M, eftersom jag inte var s\u00e4ker p\u00e5 hur det skulle bli. Men om jag g\u00f6r detta igen ska jag se till att v\u00e4lja ett plagg som inte t\u00f6js s\u00e5 mycket i tv\u00e4tten.<\/p>\n<p><em>Broderad oktober 2007.<\/em>\n\t\t<style type=\"text\/css\">\n\t\t\t#gallery-2 {\n\t\t\t\tmargin: auto;\n\t\t\t}\n\t\t\t#gallery-2 .gallery-item {\n\t\t\t\tfloat: left;\n\t\t\t\tmargin-top: 10px;\n\t\t\t\ttext-align: center;\n\t\t\t\twidth: 33%;\n\t\t\t}\n\t\t\t#gallery-2 img {\n\t\t\t\tborder: 2px solid #cfcfcf;\n\t\t\t}\n\t\t\t#gallery-2 .gallery-caption {\n\t\t\t\tmargin-left: 0;\n\t\t\t}\n\t\t\t\/* see gallery_shortcode() in wp-includes\/media.php *\/\n\t\t<\/style>\n\t\t<div id='gallery-2' class='gallery galleryid-696 gallery-columns-3 gallery-size-thumbnail'><dl class='gallery-item'>\n\t\t\t<dt class='gallery-icon portrait'>\n\t\t\t\t<a rel=\"gallery-696\" href='http:\/\/elsbth.se\/sy\/wp-content\/uploads\/2013\/06\/broderad-axel-modell-framsida-snett.jpg'><img loading=\"lazy\" decoding=\"async\" width=\"150\" height=\"150\" src=\"http:\/\/elsbth.se\/sy\/wp-content\/uploads\/2013\/06\/broderad-axel-modell-framsida-snett-150x150.jpg\" class=\"attachment-thumbnail size-thumbnail\" alt=\"Broderad axel framsida\" aria-describedby=\"gallery-2-700\" \/><\/a>\n\t\t\t<\/dt>\n\t\t\t\t<dd class='wp-caption-text gallery-caption' id='gallery-2-700'>\n\t\t\t\tBroderad axel framsida\n\t\t\t\t<\/dd><\/dl><dl class='gallery-item'>\n\t\t\t<dt class='gallery-icon portrait'>\n\t\t\t\t<a rel=\"gallery-696\" href='http:\/\/elsbth.se\/sy\/wp-content\/uploads\/2013\/06\/broderad-axel-modell-sida.jpg'><img loading=\"lazy\" decoding=\"async\" width=\"150\" height=\"150\" src=\"http:\/\/elsbth.se\/sy\/wp-content\/uploads\/2013\/06\/broderad-axel-modell-sida-150x150.jpg\" class=\"attachment-thumbnail size-thumbnail\" alt=\"Broderad axel sida\" aria-describedby=\"gallery-2-701\" \/><\/a>\n\t\t\t<\/dt>\n\t\t\t\t<dd class='wp-caption-text gallery-caption' id='gallery-2-701'>\n\t\t\t\tBroderad axel sida\n\t\t\t\t<\/dd><\/dl><dl class='gallery-item'>\n\t\t\t<dt class='gallery-icon portrait'>\n\t\t\t\t<a rel=\"gallery-696\" href='http:\/\/elsbth.se\/sy\/wp-content\/uploads\/2013\/06\/broderad-axel-modell-axel-baksida.jpg'><img loading=\"lazy\" decoding=\"async\" width=\"150\" height=\"150\" src=\"http:\/\/elsbth.se\/sy\/wp-content\/uploads\/2013\/06\/broderad-axel-modell-axel-baksida-150x150.jpg\" class=\"attachment-thumbnail size-thumbnail\" alt=\"Broderad axel baksida\" aria-describedby=\"gallery-2-699\" \/><\/a>\n\t\t\t<\/dt>\n\t\t\t\t<dd class='wp-caption-text gallery-caption' id='gallery-2-699'>\n\t\t\t\tBroderad axel baksida\n\t\t\t\t<\/dd><\/dl><br style=\"clear: both\" \/>\n\t\t<\/div>\n<\/p>\n","protected":false},"excerpt":{"rendered":"<p>F\u00f6r att personifiera en t-shirt att ge bort broderade jag axeln p\u00e5 den. Mottagaren gillar Japan och jag tycker japanska tecken \u00e4r fina, s\u00e5 jag gjorde ett eget m\u00f6nster p\u00e5 det. Material Vit t-shirt. R\u00f6tt broderigarn. Vit bakgrund med r\u00f6d figur motsvarar Japans flagga. S\u00e5 gjorde jag F\u00f6rst skulle jag hitta ett tecken med en [&hellip;]<\/p>\n","protected":false},"author":1,"featured_media":698,"comment_status":"open","ping_status":"open","sticky":false,"template":"","format":"standard","meta":{"footnotes":""},"categories":[24,19,30,9],"tags":[96,95],"class_list":["post-696","post","type-post","status-publish","format-standard","has-post-thumbnail","hentry","category-broderi","category-egen-design","category-herr","category-klader","tag-japan","tag-japanskt"],"_links":{"self":[{"href":"http:\/\/elsbth.se\/sy\/wp-json\/wp\/v2\/posts\/696","targetHints":{"allow":["GET"]}}],"collection":[{"href":"http:\/\/elsbth.se\/sy\/wp-json\/wp\/v2\/posts"}],"about":[{"href":"http:\/\/elsbth.se\/sy\/wp-json\/wp\/v2\/types\/post"}],"author":[{"embeddable":true,"href":"http:\/\/elsbth.se\/sy\/wp-json\/wp\/v2\/users\/1"}],"replies":[{"embeddable":true,"href":"http:\/\/elsbth.se\/sy\/wp-json\/wp\/v2\/comments?post=696"}],"version-history":[{"count":7,"href":"http:\/\/elsbth.se\/sy\/wp-json\/wp\/v2\/posts\/696\/revisions"}],"predecessor-version":[{"id":710,"href":"http:\/\/elsbth.se\/sy\/wp-json\/wp\/v2\/posts\/696\/revisions\/710"}],"wp:featuredmedia":[{"embeddable":true,"href":"http:\/\/elsbth.se\/sy\/wp-json\/wp\/v2\/media\/698"}],"wp:attachment":[{"href":"http:\/\/elsbth.se\/sy\/wp-json\/wp\/v2\/media?parent=696"}],"wp:term":[{"taxonomy":"category","embeddable":true,"href":"http:\/\/elsbth.se\/sy\/wp-json\/wp\/v2\/categories?post=696"},{"taxonomy":"post_tag","embeddable":true,"href":"http:\/\/elsbth.se\/sy\/wp-json\/wp\/v2\/tags?post=696"}],"curies":[{"name":"wp","href":"https:\/\/api.w.org\/{rel}","templated":true}]}}