{"id":726,"date":"2013-06-29T21:58:23","date_gmt":"2013-06-29T19:58:23","guid":{"rendered":"http:\/\/elsbth.se\/sy\/?p=726"},"modified":"2013-07-08T15:32:51","modified_gmt":"2013-07-08T13:32:51","slug":"kaninsnuttis-med-scallops-kant","status":"publish","type":"post","link":"http:\/\/elsbth.se\/sy\/2013\/06\/kaninsnuttis-med-scallops-kant\/","title":{"rendered":"Kaninsnuttis med scallops-kant"},"content":{"rendered":"<p>Vad passar inte b\u00e4ttre till en ny m\u00e4nniska \u00e4n en r\u00f6d kaninsnuttis? Jag fr\u00e5gade mamman om en f\u00e4rg hon gillade och fick svaret r\u00f6d. S\u00e5 utifr\u00e5n det och att jag inte ville sticka ett plagg som b\u00e4bisen kunde v\u00e4xa ur b\u00f6rjade jag leta garn och m\u00f6nster.<\/p>\n<h2>Material<\/h2>\n<p>Ett r\u00f6tt nystan Sandnes Mandarin Petit, Svart broderigarn f\u00f6r detaljer. Fiberstopp. Strumpstickor 2,5 och 3, rundsticka 3. M\u00f6nstret <a title=\"Ravelry\" href=\"http:\/\/www.ravelry.com\/patterns\/library\/cuddle-bunny-blankie\" target=\"_blank\">Cuddle Bunny Blankie<\/a> och kanten fr\u00e5n <a title=\"Ravelry\" href=\"http:\/\/www.ravelry.com\/patterns\/library\/225-degrees\" target=\"_blank\">sjalen 22.5 Degrees<\/a>.<\/p>\n<h2>S\u00e5 stickade jag<\/h2>\n<p>F\u00f6rst stickades \u00f6ronen. Jag r\u00e4tstickade dem. Sedan var det dags f\u00f6r huvudet. Det var bordsstickning som g\u00e4llde n\u00e4r det endast var fyra maskor totalt utspridda p\u00e5 varsin strumpsticka. Flera av de f\u00f6rsta varven jag pilliga f\u00f6r stickorna hotade med att kana ur maskorna.\u00a0Efter ungef\u00e4r halva huvudet sydde jag p\u00e5 \u00f6ronen och ansiktet. D\u00e4refter fortsatte jag ner till halsen, som var lika pillig som toppen p\u00e5 huvudet.<\/p>\n<p>Kroppen stickade jag p\u00e5 tills jag k\u00e4nde att den var lagom stor. Efter ett tag kunde jag byta strumpstickorna mot en rundsticka. D\u00e5 gick det snabbare att sticka och jag slapp de glesare maskorna som jag f\u00e5r i skarven mellan tv\u00e5 strumpstickor.<\/p>\n<p>Kanten ville jag g\u00f6ra roligare \u00e4n kaninm\u00f6nstret jag f\u00f6ljde. Jag s\u00f6kte efter sjalar p\u00e5 Ravelry, eftersom de brukar ha fina spetskanter. Jag fastnade f\u00f6r kanten som kallas &#8221;little scallops&#8221; p\u00e5\u00a0<a title=\"Ravelry\" href=\"http:\/\/www.ravelry.com\/patterns\/library\/225-degrees\" target=\"_blank\">22.5 Degrees<\/a>.\u00a0Jag stickade kroppen tills antalet maskor var j\u00e4mnt delbart med 5, som jag t\u00e4nkte anv\u00e4nda till mina scallops. P\u00e5 <a style=\"line-height: 1.714285714; font-size: 1rem;\" title=\"WWKIPD 2013\" href=\"http:\/\/elsbth.se\/sy\/2013\/06\/wwkipd-2013\/\">V\u00e4rldsstickningsdagen<\/a> gjorde jag kanten. Det jag inte hade r\u00e4knat med innan var att min rundsticka p\u00e5 40cm kanske skulle vara f\u00f6r kort f\u00f6r alla de maskor som skulle bli av att g\u00f6ra scallops runt hela. Det blev v\u00e4ldigt tr\u00e5ngt. Det var ungef\u00e4r 520 maskor innan avmaskningen b\u00f6rjade.<\/p>\n<h2>Slutsats<\/h2>\n<p>Jag \u00e4r n\u00f6jd med valet av material, ett bomullsgarn som kan tv\u00e4ttas i 60 grader. Den blev v\u00e4ldigt mjuk och gosig. Jag \u00e4r ocks\u00e5 n\u00f6jd med valet att inte g\u00f6ra n\u00e5got kl\u00e4desplagg, f\u00f6r jag slapp t\u00e4nka p\u00e5 n\u00e5gon storlek eller m\u00e4ta n\u00e5got med linjalen. Det var bara att sticka p\u00e5 och s\u00e5 fick storleken bli som den blev, och snuttisen blev ju bra.<\/p>\n\n\t\t<style type=\"text\/css\">\n\t\t\t#gallery-1 {\n\t\t\t\tmargin: auto;\n\t\t\t}\n\t\t\t#gallery-1 .gallery-item {\n\t\t\t\tfloat: left;\n\t\t\t\tmargin-top: 10px;\n\t\t\t\ttext-align: center;\n\t\t\t\twidth: 33%;\n\t\t\t}\n\t\t\t#gallery-1 img {\n\t\t\t\tborder: 2px solid #cfcfcf;\n\t\t\t}\n\t\t\t#gallery-1 .gallery-caption {\n\t\t\t\tmargin-left: 0;\n\t\t\t}\n\t\t\t\/* see gallery_shortcode() in wp-includes\/media.php *\/\n\t\t<\/style>\n\t\t<div id='gallery-1' class='gallery galleryid-726 gallery-columns-3 gallery-size-thumbnail'><dl class='gallery-item'>\n\t\t\t<dt class='gallery-icon landscape'>\n\t\t\t\t<a rel=\"gallery-726\" href='http:\/\/elsbth.se\/sy\/wp-content\/uploads\/2013\/06\/kaninsnuttis-triangel.jpg'><img loading=\"lazy\" decoding=\"async\" width=\"150\" height=\"150\" src=\"http:\/\/elsbth.se\/sy\/wp-content\/uploads\/2013\/06\/kaninsnuttis-triangel-150x150.jpg\" class=\"attachment-thumbnail size-thumbnail\" alt=\"Kaninsnuttis ihopvikt\" aria-describedby=\"gallery-1-733\" \/><\/a>\n\t\t\t<\/dt>\n\t\t\t\t<dd class='wp-caption-text gallery-caption' id='gallery-1-733'>\n\t\t\t\tKaninsnuttis ihopvikt\n\t\t\t\t<\/dd><\/dl><dl class='gallery-item'>\n\t\t\t<dt class='gallery-icon landscape'>\n\t\t\t\t<a rel=\"gallery-726\" href='http:\/\/elsbth.se\/sy\/wp-content\/uploads\/2013\/06\/kaninsnuttis-platt-snett.jpg'><img loading=\"lazy\" decoding=\"async\" width=\"150\" height=\"150\" src=\"http:\/\/elsbth.se\/sy\/wp-content\/uploads\/2013\/06\/kaninsnuttis-platt-snett-150x150.jpg\" class=\"attachment-thumbnail size-thumbnail\" alt=\"Kaninsnuttis vinkel\" aria-describedby=\"gallery-1-731\" \/><\/a>\n\t\t\t<\/dt>\n\t\t\t\t<dd class='wp-caption-text gallery-caption' id='gallery-1-731'>\n\t\t\t\tKaninsnuttis vinkel\n\t\t\t\t<\/dd><\/dl><dl class='gallery-item'>\n\t\t\t<dt class='gallery-icon landscape'>\n\t\t\t\t<a rel=\"gallery-726\" href='http:\/\/elsbth.se\/sy\/wp-content\/uploads\/2013\/06\/kaninsnuttis-platt-ovan.jpg'><img loading=\"lazy\" decoding=\"async\" width=\"150\" height=\"150\" src=\"http:\/\/elsbth.se\/sy\/wp-content\/uploads\/2013\/06\/kaninsnuttis-platt-ovan-150x150.jpg\" class=\"attachment-thumbnail size-thumbnail\" alt=\"Kaninsnuttis uppifr\u00e5n\" aria-describedby=\"gallery-1-730\" \/><\/a>\n\t\t\t<\/dt>\n\t\t\t\t<dd class='wp-caption-text gallery-caption' id='gallery-1-730'>\n\t\t\t\tKaninsnuttis uppifr\u00e5n\n\t\t\t\t<\/dd><\/dl><br style=\"clear: both\" \/><dl class='gallery-item'>\n\t\t\t<dt class='gallery-icon landscape'>\n\t\t\t\t<a rel=\"gallery-726\" href='http:\/\/elsbth.se\/sy\/wp-content\/uploads\/2013\/06\/kaninsnuttis-staende-ovan.jpg'><img loading=\"lazy\" decoding=\"async\" width=\"150\" height=\"150\" src=\"http:\/\/elsbth.se\/sy\/wp-content\/uploads\/2013\/06\/kaninsnuttis-staende-ovan-150x150.jpg\" class=\"attachment-thumbnail size-thumbnail\" alt=\"Kaninsnuttis st\u00e5ende huvud\" aria-describedby=\"gallery-1-732\" \/><\/a>\n\t\t\t<\/dt>\n\t\t\t\t<dd class='wp-caption-text gallery-caption' id='gallery-1-732'>\n\t\t\t\tKaninsnuttis st\u00e5ende huvud\n\t\t\t\t<\/dd><\/dl><dl class='gallery-item'>\n\t\t\t<dt class='gallery-icon landscape'>\n\t\t\t\t<a rel=\"gallery-726\" href='http:\/\/elsbth.se\/sy\/wp-content\/uploads\/2013\/06\/kaninsnuttis-kant-little-scallops.jpg'><img loading=\"lazy\" decoding=\"async\" width=\"150\" height=\"150\" src=\"http:\/\/elsbth.se\/sy\/wp-content\/uploads\/2013\/06\/kaninsnuttis-kant-little-scallops-150x150.jpg\" class=\"attachment-thumbnail size-thumbnail\" alt=\"Kaninsnuttis Little scallops\" aria-describedby=\"gallery-1-729\" \/><\/a>\n\t\t\t<\/dt>\n\t\t\t\t<dd class='wp-caption-text gallery-caption' id='gallery-1-729'>\n\t\t\t\tKaninsnuttis Little scallops\n\t\t\t\t<\/dd><\/dl><dl class='gallery-item'>\n\t\t\t<dt class='gallery-icon portrait'>\n\t\t\t\t<a rel=\"gallery-726\" href='http:\/\/elsbth.se\/sy\/wp-content\/uploads\/2013\/06\/20130623_131312.jpg'><img loading=\"lazy\" decoding=\"async\" width=\"150\" height=\"150\" src=\"http:\/\/elsbth.se\/sy\/wp-content\/uploads\/2013\/06\/20130623_131312-150x150.jpg\" class=\"attachment-thumbnail size-thumbnail\" alt=\"Kaninsnuttis g\u00f6r sitt jobb\" aria-describedby=\"gallery-1-749\" \/><\/a>\n\t\t\t<\/dt>\n\t\t\t\t<dd class='wp-caption-text gallery-caption' id='gallery-1-749'>\n\t\t\t\tKaninsnuttis g\u00f6r sitt jobb\n\t\t\t\t<\/dd><\/dl><br style=\"clear: both\" \/>\n\t\t<\/div>\n\n","protected":false},"excerpt":{"rendered":"<p>Vad passar inte b\u00e4ttre till en ny m\u00e4nniska \u00e4n en r\u00f6d kaninsnuttis? Jag fr\u00e5gade mamman om en f\u00e4rg hon gillade och fick svaret r\u00f6d. S\u00e5 utifr\u00e5n det och att jag inte ville sticka ett plagg som b\u00e4bisen kunde v\u00e4xa ur b\u00f6rjade jag leta garn och m\u00f6nster. Material Ett r\u00f6tt nystan Sandnes Mandarin Petit, Svart broderigarn [&hellip;]<\/p>\n","protected":false},"author":1,"featured_media":734,"comment_status":"open","ping_status":"open","sticky":false,"template":"","format":"standard","meta":{"footnotes":""},"categories":[32,44,7],"tags":[102,101,100,99],"class_list":["post-726","post","type-post","status-publish","format-standard","has-post-thumbnail","hentry","category-barn","category-leksaker","category-sticka","tag-baby","tag-kanin","tag-snuttefilt","tag-snuttis"],"_links":{"self":[{"href":"http:\/\/elsbth.se\/sy\/wp-json\/wp\/v2\/posts\/726","targetHints":{"allow":["GET"]}}],"collection":[{"href":"http:\/\/elsbth.se\/sy\/wp-json\/wp\/v2\/posts"}],"about":[{"href":"http:\/\/elsbth.se\/sy\/wp-json\/wp\/v2\/types\/post"}],"author":[{"embeddable":true,"href":"http:\/\/elsbth.se\/sy\/wp-json\/wp\/v2\/users\/1"}],"replies":[{"embeddable":true,"href":"http:\/\/elsbth.se\/sy\/wp-json\/wp\/v2\/comments?post=726"}],"version-history":[{"count":7,"href":"http:\/\/elsbth.se\/sy\/wp-json\/wp\/v2\/posts\/726\/revisions"}],"predecessor-version":[{"id":817,"href":"http:\/\/elsbth.se\/sy\/wp-json\/wp\/v2\/posts\/726\/revisions\/817"}],"wp:featuredmedia":[{"embeddable":true,"href":"http:\/\/elsbth.se\/sy\/wp-json\/wp\/v2\/media\/734"}],"wp:attachment":[{"href":"http:\/\/elsbth.se\/sy\/wp-json\/wp\/v2\/media?parent=726"}],"wp:term":[{"taxonomy":"category","embeddable":true,"href":"http:\/\/elsbth.se\/sy\/wp-json\/wp\/v2\/categories?post=726"},{"taxonomy":"post_tag","embeddable":true,"href":"http:\/\/elsbth.se\/sy\/wp-json\/wp\/v2\/tags?post=726"}],"curies":[{"name":"wp","href":"https:\/\/api.w.org\/{rel}","templated":true}]}}