{"id":962,"date":"2014-07-12T21:43:03","date_gmt":"2014-07-12T19:43:03","guid":{"rendered":"http:\/\/elsbth.se\/sy\/?p=962"},"modified":"2014-07-12T21:45:12","modified_gmt":"2014-07-12T19:45:12","slug":"i-vantan-pa-projektfoton","status":"publish","type":"post","link":"http:\/\/elsbth.se\/sy\/2014\/07\/i-vantan-pa-projektfoton\/","title":{"rendered":"I v\u00e4ntan p\u00e5 projektfoton&#8230;"},"content":{"rendered":"<p>I \u00e5r har jag inte varit lika produktiv som jag var i b\u00f6rjan av 2013. Att ha hus som ska f\u00f6r\u00e4ndras tar tid och jag har fokuserat p\u00e5 ett stickprojekt i taget. N\u00e5gra projekt \u00e4r klara, men inte fotograferade och skrivna om h\u00e4r p\u00e5 bloggen, s\u00e5 jag t\u00e4nkte ge en snabb sammanfattning av dessa:<\/p>\n<h2>Ramona cardigan<\/h2>\n<p>Av <a title=\"Nu har frossan b\u00f6rjat\" href=\"http:\/\/elsbth.se\/sy\/2014\/01\/nu-har-frossan-borjat\/\">Onion-garnet jag k\u00f6pte p\u00e5 rea<\/a> blev det en Ramona cardigan. Jag f\u00f6rl\u00e4ngde b\u00e5de kropp och \u00e4rmar. Inf\u00f6r f\u00f6rl\u00e4ngningen av \u00e4rmarna var jag v\u00e4ldigt os\u00e4ker p\u00e5 hur jag skulle f\u00f6rdela minskningarna, om jag skulle l\u00e4gga med dem i f\u00f6rl\u00e4ngningen eller inte. Jag tog med dem i f\u00f6rl\u00e4ngningen och minskningarna hamnade l\u00e4ngre ifr\u00e5n varandra.\u00a0Koftan anv\u00e4nde jag flitigt, eftersom det var kallt l\u00e4nge. Den v\u00e4rmde fint.<\/p>\n\n\t\t<style type=\"text\/css\">\n\t\t\t#gallery-1 {\n\t\t\t\tmargin: auto;\n\t\t\t}\n\t\t\t#gallery-1 .gallery-item {\n\t\t\t\tfloat: left;\n\t\t\t\tmargin-top: 10px;\n\t\t\t\ttext-align: center;\n\t\t\t\twidth: 33%;\n\t\t\t}\n\t\t\t#gallery-1 img {\n\t\t\t\tborder: 2px solid #cfcfcf;\n\t\t\t}\n\t\t\t#gallery-1 .gallery-caption {\n\t\t\t\tmargin-left: 0;\n\t\t\t}\n\t\t\t\/* see gallery_shortcode() in wp-includes\/media.php *\/\n\t\t<\/style>\n\t\t<div id='gallery-1' class='gallery galleryid-962 gallery-columns-3 gallery-size-thumbnail'><dl class='gallery-item'>\n\t\t\t<dt class='gallery-icon landscape'>\n\t\t\t\t<a rel=\"gallery-962\" href='http:\/\/elsbth.se\/sy\/wp-content\/uploads\/2014\/01\/scarlet_onion_bojans_garn.jpg'><img loading=\"lazy\" decoding=\"async\" width=\"150\" height=\"150\" src=\"http:\/\/elsbth.se\/sy\/wp-content\/uploads\/2014\/01\/scarlet_onion_bojans_garn-150x150.jpg\" class=\"attachment-thumbnail size-thumbnail\" alt=\"Scarlet och Organic wool + Nettles\" aria-describedby=\"gallery-1-924\" srcset=\"http:\/\/elsbth.se\/sy\/wp-content\/uploads\/2014\/01\/scarlet_onion_bojans_garn-150x150.jpg 150w, http:\/\/elsbth.se\/sy\/wp-content\/uploads\/2014\/01\/scarlet_onion_bojans_garn-300x300.jpg 300w, http:\/\/elsbth.se\/sy\/wp-content\/uploads\/2014\/01\/scarlet_onion_bojans_garn-624x624.jpg 624w, http:\/\/elsbth.se\/sy\/wp-content\/uploads\/2014\/01\/scarlet_onion_bojans_garn.jpg 640w\" sizes=\"auto, (max-width: 150px) 100vw, 150px\" \/><\/a>\n\t\t\t<\/dt>\n\t\t\t\t<dd class='wp-caption-text gallery-caption' id='gallery-1-924'>\n\t\t\t\tScarlet och Organic wool + Nettles\n\t\t\t\t<\/dd><\/dl><dl class='gallery-item'>\n\t\t\t<dt class='gallery-icon landscape'>\n\t\t\t\t<a rel=\"gallery-962\" href='http:\/\/elsbth.se\/sy\/wp-content\/uploads\/2014\/07\/IMG_20140215_142414.jpg'><img loading=\"lazy\" decoding=\"async\" width=\"150\" height=\"150\" src=\"http:\/\/elsbth.se\/sy\/wp-content\/uploads\/2014\/07\/IMG_20140215_142414-150x150.jpg\" class=\"attachment-thumbnail size-thumbnail\" alt=\"Ramona p\u00e5 blockning\" aria-describedby=\"gallery-1-975\" srcset=\"http:\/\/elsbth.se\/sy\/wp-content\/uploads\/2014\/07\/IMG_20140215_142414-150x150.jpg 150w, http:\/\/elsbth.se\/sy\/wp-content\/uploads\/2014\/07\/IMG_20140215_142414-300x300.jpg 300w, http:\/\/elsbth.se\/sy\/wp-content\/uploads\/2014\/07\/IMG_20140215_142414-1024x1024.jpg 1024w, http:\/\/elsbth.se\/sy\/wp-content\/uploads\/2014\/07\/IMG_20140215_142414-624x624.jpg 624w, http:\/\/elsbth.se\/sy\/wp-content\/uploads\/2014\/07\/IMG_20140215_142414.jpg 1536w\" sizes=\"auto, (max-width: 150px) 100vw, 150px\" \/><\/a>\n\t\t\t<\/dt>\n\t\t\t\t<dd class='wp-caption-text gallery-caption' id='gallery-1-975'>\n\t\t\t\tRamona p\u00e5 blockning\n\t\t\t\t<\/dd><\/dl><dl class='gallery-item'>\n\t\t\t<dt class='gallery-icon landscape'>\n\t\t\t\t<a rel=\"gallery-962\" href='http:\/\/elsbth.se\/sy\/wp-content\/uploads\/2014\/07\/IMG_20140217_125129.jpg'><img loading=\"lazy\" decoding=\"async\" width=\"150\" height=\"150\" src=\"http:\/\/elsbth.se\/sy\/wp-content\/uploads\/2014\/07\/IMG_20140217_125129-150x150.jpg\" class=\"attachment-thumbnail size-thumbnail\" alt=\"Ramona!\" aria-describedby=\"gallery-1-976\" srcset=\"http:\/\/elsbth.se\/sy\/wp-content\/uploads\/2014\/07\/IMG_20140217_125129-150x150.jpg 150w, http:\/\/elsbth.se\/sy\/wp-content\/uploads\/2014\/07\/IMG_20140217_125129-300x300.jpg 300w, http:\/\/elsbth.se\/sy\/wp-content\/uploads\/2014\/07\/IMG_20140217_125129-1024x1024.jpg 1024w, http:\/\/elsbth.se\/sy\/wp-content\/uploads\/2014\/07\/IMG_20140217_125129-624x624.jpg 624w, http:\/\/elsbth.se\/sy\/wp-content\/uploads\/2014\/07\/IMG_20140217_125129.jpg 1516w\" sizes=\"auto, (max-width: 150px) 100vw, 150px\" \/><\/a>\n\t\t\t<\/dt>\n\t\t\t\t<dd class='wp-caption-text gallery-caption' id='gallery-1-976'>\n\t\t\t\tRamona!\n\t\t\t\t<\/dd><\/dl><br style=\"clear: both\" \/>\n\t\t<\/div>\n\n<h2>Hanami stole<\/h2>\n<p>Hanami b\u00f6rjade jag p\u00e5 i januari, men pausade den ett tag f\u00f6r Ramona. Det tog allts\u00e5 ett tag innan jag blev klar med den. Jag gjorde fel m\u00e5nga g\u00e5nger och det tog tid varje g\u00e5ng innan jag hittade var felet var. D\u00e4rf\u00f6r var det stundtals en r\u00e4tt seg stickning. Men jag tycker v\u00e4vm\u00f6nstret \u00e4r underbart och funderar p\u00e5 om jag ska sticka n\u00e5got annat med det m\u00f6nstret, i ett tjockare garn.<\/p>\n<p>I G\u00f6teborg och Botaniska tr\u00e4dg\u00e5rden har de i sommar japanskt tema. D\u00e4rf\u00f6r v\u00e4ntar jag tills jag \u00e5ker dit med att fotografera. I v\u00e5r tr\u00e4dg\u00e5rd har vi en japansk blodl\u00f6nn. Det kan nog vara effektfullt att ha den som bakgrund ocks\u00e5.<\/p>\n\n\t\t<style type=\"text\/css\">\n\t\t\t#gallery-2 {\n\t\t\t\tmargin: auto;\n\t\t\t}\n\t\t\t#gallery-2 .gallery-item {\n\t\t\t\tfloat: left;\n\t\t\t\tmargin-top: 10px;\n\t\t\t\ttext-align: center;\n\t\t\t\twidth: 33%;\n\t\t\t}\n\t\t\t#gallery-2 img {\n\t\t\t\tborder: 2px solid #cfcfcf;\n\t\t\t}\n\t\t\t#gallery-2 .gallery-caption {\n\t\t\t\tmargin-left: 0;\n\t\t\t}\n\t\t\t\/* see gallery_shortcode() in wp-includes\/media.php *\/\n\t\t<\/style>\n\t\t<div id='gallery-2' class='gallery galleryid-962 gallery-columns-3 gallery-size-thumbnail'><dl class='gallery-item'>\n\t\t\t<dt class='gallery-icon landscape'>\n\t\t\t\t<a rel=\"gallery-962\" href='http:\/\/elsbth.se\/sy\/wp-content\/uploads\/2014\/01\/hanami_material_2.jpg'><img loading=\"lazy\" decoding=\"async\" width=\"150\" height=\"150\" src=\"http:\/\/elsbth.se\/sy\/wp-content\/uploads\/2014\/01\/hanami_material_2-150x150.jpg\" class=\"attachment-thumbnail size-thumbnail\" alt=\"Hanami material\" aria-describedby=\"gallery-2-917\" srcset=\"http:\/\/elsbth.se\/sy\/wp-content\/uploads\/2014\/01\/hanami_material_2-150x150.jpg 150w, http:\/\/elsbth.se\/sy\/wp-content\/uploads\/2014\/01\/hanami_material_2-300x300.jpg 300w, http:\/\/elsbth.se\/sy\/wp-content\/uploads\/2014\/01\/hanami_material_2-624x624.jpg 624w, http:\/\/elsbth.se\/sy\/wp-content\/uploads\/2014\/01\/hanami_material_2.jpg 800w\" sizes=\"auto, (max-width: 150px) 100vw, 150px\" \/><\/a>\n\t\t\t<\/dt>\n\t\t\t\t<dd class='wp-caption-text gallery-caption' id='gallery-2-917'>\n\t\t\t\tHanami material\n\t\t\t\t<\/dd><\/dl><dl class='gallery-item'>\n\t\t\t<dt class='gallery-icon landscape'>\n\t\t\t\t<a rel=\"gallery-962\" href='http:\/\/elsbth.se\/sy\/wp-content\/uploads\/2014\/07\/IMG_20140423_220055.jpg'><img loading=\"lazy\" decoding=\"async\" width=\"150\" height=\"150\" src=\"http:\/\/elsbth.se\/sy\/wp-content\/uploads\/2014\/07\/IMG_20140423_220055-150x150.jpg\" class=\"attachment-thumbnail size-thumbnail\" alt=\"Hanami fl\u00e4tm\u00f6nster\" aria-describedby=\"gallery-2-967\" srcset=\"http:\/\/elsbth.se\/sy\/wp-content\/uploads\/2014\/07\/IMG_20140423_220055-150x150.jpg 150w, http:\/\/elsbth.se\/sy\/wp-content\/uploads\/2014\/07\/IMG_20140423_220055-300x300.jpg 300w, http:\/\/elsbth.se\/sy\/wp-content\/uploads\/2014\/07\/IMG_20140423_220055-1024x1024.jpg 1024w, http:\/\/elsbth.se\/sy\/wp-content\/uploads\/2014\/07\/IMG_20140423_220055-624x624.jpg 624w, http:\/\/elsbth.se\/sy\/wp-content\/uploads\/2014\/07\/IMG_20140423_220055.jpg 1536w\" sizes=\"auto, (max-width: 150px) 100vw, 150px\" \/><\/a>\n\t\t\t<\/dt>\n\t\t\t\t<dd class='wp-caption-text gallery-caption' id='gallery-2-967'>\n\t\t\t\tHanami fl\u00e4tm\u00f6nster\n\t\t\t\t<\/dd><\/dl><dl class='gallery-item'>\n\t\t\t<dt class='gallery-icon landscape'>\n\t\t\t\t<a rel=\"gallery-962\" href='http:\/\/elsbth.se\/sy\/wp-content\/uploads\/2014\/07\/IMG_20140514_152131.jpg'><img loading=\"lazy\" decoding=\"async\" width=\"150\" height=\"150\" src=\"http:\/\/elsbth.se\/sy\/wp-content\/uploads\/2014\/07\/IMG_20140514_152131-150x150.jpg\" class=\"attachment-thumbnail size-thumbnail\" alt=\"Lager p\u00e5 lager med Hanami\" srcset=\"http:\/\/elsbth.se\/sy\/wp-content\/uploads\/2014\/07\/IMG_20140514_152131-150x150.jpg 150w, http:\/\/elsbth.se\/sy\/wp-content\/uploads\/2014\/07\/IMG_20140514_152131-300x300.jpg 300w, http:\/\/elsbth.se\/sy\/wp-content\/uploads\/2014\/07\/IMG_20140514_152131-1024x1024.jpg 1024w, http:\/\/elsbth.se\/sy\/wp-content\/uploads\/2014\/07\/IMG_20140514_152131-624x624.jpg 624w, http:\/\/elsbth.se\/sy\/wp-content\/uploads\/2014\/07\/IMG_20140514_152131.jpg 1536w\" sizes=\"auto, (max-width: 150px) 100vw, 150px\" \/><\/a>\n\t\t\t<\/dt><\/dl><br style=\"clear: both\" \/>\n\t\t<\/div>\n\n<h2>K\u00f6ksgardiner<\/h2>\n<p>K\u00f6ket hade saknat gardiner sedan vi flyttade in, innan jag sydde en kappa att h\u00e4nga upp. Jag var tvungen att skarva tyget f\u00f6r att kappan skulle bli bred nog. Det var pilligt att f\u00e5 till m\u00f6nsterpassningen, men jag \u00e4r riktigt n\u00f6jd med den. Hade det inte varit f\u00f6r skuggan fr\u00e5n s\u00f6msm\u00e5nen p\u00e5 baksidan hade nog ingen m\u00e4rkt att den var skarvad d\u00e4r.<\/p>\n\n\t\t<style type=\"text\/css\">\n\t\t\t#gallery-3 {\n\t\t\t\tmargin: auto;\n\t\t\t}\n\t\t\t#gallery-3 .gallery-item {\n\t\t\t\tfloat: left;\n\t\t\t\tmargin-top: 10px;\n\t\t\t\ttext-align: center;\n\t\t\t\twidth: 33%;\n\t\t\t}\n\t\t\t#gallery-3 img {\n\t\t\t\tborder: 2px solid #cfcfcf;\n\t\t\t}\n\t\t\t#gallery-3 .gallery-caption {\n\t\t\t\tmargin-left: 0;\n\t\t\t}\n\t\t\t\/* see gallery_shortcode() in wp-includes\/media.php *\/\n\t\t<\/style>\n\t\t<div id='gallery-3' class='gallery galleryid-962 gallery-columns-3 gallery-size-thumbnail'><dl class='gallery-item'>\n\t\t\t<dt class='gallery-icon landscape'>\n\t\t\t\t<a rel=\"gallery-962\" href='http:\/\/elsbth.se\/sy\/wp-content\/uploads\/2014\/07\/IMG_20140323_160541.jpg'><img loading=\"lazy\" decoding=\"async\" width=\"150\" height=\"150\" src=\"http:\/\/elsbth.se\/sy\/wp-content\/uploads\/2014\/07\/IMG_20140323_160541-150x150.jpg\" class=\"attachment-thumbnail size-thumbnail\" alt=\"K\u00f6ksgardin\" aria-describedby=\"gallery-3-966\" srcset=\"http:\/\/elsbth.se\/sy\/wp-content\/uploads\/2014\/07\/IMG_20140323_160541-150x150.jpg 150w, http:\/\/elsbth.se\/sy\/wp-content\/uploads\/2014\/07\/IMG_20140323_160541-300x300.jpg 300w, http:\/\/elsbth.se\/sy\/wp-content\/uploads\/2014\/07\/IMG_20140323_160541-1024x1024.jpg 1024w, http:\/\/elsbth.se\/sy\/wp-content\/uploads\/2014\/07\/IMG_20140323_160541-624x624.jpg 624w, http:\/\/elsbth.se\/sy\/wp-content\/uploads\/2014\/07\/IMG_20140323_160541.jpg 1536w\" sizes=\"auto, (max-width: 150px) 100vw, 150px\" \/><\/a>\n\t\t\t<\/dt>\n\t\t\t\t<dd class='wp-caption-text gallery-caption' id='gallery-3-966'>\n\t\t\t\tK\u00f6ksgardin\n\t\t\t\t<\/dd><\/dl>\n\t\t\t<br style='clear: both' \/>\n\t\t<\/div>\n\n<h2>Hj\u00e4rtem\u00f6ssa<\/h2>\n<p>Den m\u00f6ssa jag stickade till en 1-\u00e5ring under mellandagarna blev f\u00e4rdig och \u00f6verl\u00e4mnad till p\u00e5sk. Den var en mellanstickning av det nystan som blev \u00f6ver efter <a title=\"Kaninsnuttis med scallops-kant\" href=\"http:\/\/elsbth.se\/sy\/2013\/06\/kaninsnuttis-med-scallops-kant\/\">kaninsnuttisen<\/a>.<\/p>\n<h2>City cardigan<\/h2>\n<p>Min ist\u00e4llet-f\u00f6r-kavaj-stickning kom \u00e4ntligen ig\u00e5ng efter jag var f\u00e4rdig med Hanami. M\u00f6nstret hade \u00e4rmar som slutade ovanf\u00f6r armb\u00e5gen, men jag ville ha full\u00e4ngd p\u00e5 dem. D\u00e4rf\u00f6r provade jag mig mycket fram. Mycket upprepning blev det, men tillslut (f\u00f6r en vecka sedan) blev den f\u00e4rdig. Nu funderar jag p\u00e5 om jag ska blocka krage och muddar, eftersom de krullar sig d\u00e4r, men det funderar jag en stund till p\u00e5. Jag har n\u00e4mligen redan anv\u00e4nt den tv\u00e5 g\u00e5nger och det har k\u00e4nts bra.<\/p>\n\n\t\t<style type=\"text\/css\">\n\t\t\t#gallery-4 {\n\t\t\t\tmargin: auto;\n\t\t\t}\n\t\t\t#gallery-4 .gallery-item {\n\t\t\t\tfloat: left;\n\t\t\t\tmargin-top: 10px;\n\t\t\t\ttext-align: center;\n\t\t\t\twidth: 33%;\n\t\t\t}\n\t\t\t#gallery-4 img {\n\t\t\t\tborder: 2px solid #cfcfcf;\n\t\t\t}\n\t\t\t#gallery-4 .gallery-caption {\n\t\t\t\tmargin-left: 0;\n\t\t\t}\n\t\t\t\/* see gallery_shortcode() in wp-includes\/media.php *\/\n\t\t<\/style>\n\t\t<div id='gallery-4' class='gallery galleryid-962 gallery-columns-3 gallery-size-thumbnail'><dl class='gallery-item'>\n\t\t\t<dt class='gallery-icon landscape'>\n\t\t\t\t<a rel=\"gallery-962\" href='http:\/\/elsbth.se\/sy\/wp-content\/uploads\/2014\/07\/IMG_20140618_221853.jpg'><img loading=\"lazy\" decoding=\"async\" width=\"150\" height=\"150\" src=\"http:\/\/elsbth.se\/sy\/wp-content\/uploads\/2014\/07\/IMG_20140618_221853-150x150.jpg\" class=\"attachment-thumbnail size-thumbnail\" alt=\"City cardigan\" aria-describedby=\"gallery-4-970\" srcset=\"http:\/\/elsbth.se\/sy\/wp-content\/uploads\/2014\/07\/IMG_20140618_221853-150x150.jpg 150w, http:\/\/elsbth.se\/sy\/wp-content\/uploads\/2014\/07\/IMG_20140618_221853-300x300.jpg 300w, http:\/\/elsbth.se\/sy\/wp-content\/uploads\/2014\/07\/IMG_20140618_221853-1024x1024.jpg 1024w, http:\/\/elsbth.se\/sy\/wp-content\/uploads\/2014\/07\/IMG_20140618_221853-624x624.jpg 624w, http:\/\/elsbth.se\/sy\/wp-content\/uploads\/2014\/07\/IMG_20140618_221853.jpg 1230w\" sizes=\"auto, (max-width: 150px) 100vw, 150px\" \/><\/a>\n\t\t\t<\/dt>\n\t\t\t\t<dd class='wp-caption-text gallery-caption' id='gallery-4-970'>\n\t\t\t\tCity cardigan\n\t\t\t\t<\/dd><\/dl><dl class='gallery-item'>\n\t\t\t<dt class='gallery-icon landscape'>\n\t\t\t\t<a rel=\"gallery-962\" href='http:\/\/elsbth.se\/sy\/wp-content\/uploads\/2014\/07\/IMG_20140629_170936.jpg'><img loading=\"lazy\" decoding=\"async\" width=\"150\" height=\"150\" src=\"http:\/\/elsbth.se\/sy\/wp-content\/uploads\/2014\/07\/IMG_20140629_170936-150x150.jpg\" class=\"attachment-thumbnail size-thumbnail\" alt=\"City cardigan \u00e4rm\" aria-describedby=\"gallery-4-971\" srcset=\"http:\/\/elsbth.se\/sy\/wp-content\/uploads\/2014\/07\/IMG_20140629_170936-150x150.jpg 150w, http:\/\/elsbth.se\/sy\/wp-content\/uploads\/2014\/07\/IMG_20140629_170936-300x300.jpg 300w, http:\/\/elsbth.se\/sy\/wp-content\/uploads\/2014\/07\/IMG_20140629_170936-1024x1024.jpg 1024w, http:\/\/elsbth.se\/sy\/wp-content\/uploads\/2014\/07\/IMG_20140629_170936-624x624.jpg 624w, http:\/\/elsbth.se\/sy\/wp-content\/uploads\/2014\/07\/IMG_20140629_170936.jpg 1198w\" sizes=\"auto, (max-width: 150px) 100vw, 150px\" \/><\/a>\n\t\t\t<\/dt>\n\t\t\t\t<dd class='wp-caption-text gallery-caption' id='gallery-4-971'>\n\t\t\t\tCity cardigan \u00e4rm\n\t\t\t\t<\/dd><\/dl><dl class='gallery-item'>\n\t\t\t<dt class='gallery-icon landscape'>\n\t\t\t\t<a rel=\"gallery-962\" href='http:\/\/elsbth.se\/sy\/wp-content\/uploads\/2014\/07\/IMG_20140708_221208.jpg'><img loading=\"lazy\" decoding=\"async\" width=\"150\" height=\"150\" src=\"http:\/\/elsbth.se\/sy\/wp-content\/uploads\/2014\/07\/IMG_20140708_221208-150x150.jpg\" class=\"attachment-thumbnail size-thumbnail\" alt=\"City cardigan och maxikl\u00e4nning\" aria-describedby=\"gallery-4-974\" srcset=\"http:\/\/elsbth.se\/sy\/wp-content\/uploads\/2014\/07\/IMG_20140708_221208-150x150.jpg 150w, http:\/\/elsbth.se\/sy\/wp-content\/uploads\/2014\/07\/IMG_20140708_221208-300x300.jpg 300w, http:\/\/elsbth.se\/sy\/wp-content\/uploads\/2014\/07\/IMG_20140708_221208-1024x1024.jpg 1024w, http:\/\/elsbth.se\/sy\/wp-content\/uploads\/2014\/07\/IMG_20140708_221208-624x624.jpg 624w, http:\/\/elsbth.se\/sy\/wp-content\/uploads\/2014\/07\/IMG_20140708_221208.jpg 1536w\" sizes=\"auto, (max-width: 150px) 100vw, 150px\" \/><\/a>\n\t\t\t<\/dt>\n\t\t\t\t<dd class='wp-caption-text gallery-caption' id='gallery-4-974'>\n\t\t\t\tCity cardigan och maxikl\u00e4nning\n\t\t\t\t<\/dd><\/dl><br style=\"clear: both\" \/>\n\t\t<\/div>\n\n<h2>Tant Kofta<\/h2>\n<p>En del av Stickklubben Gbg \u00e5kte en solig dag i maj ut till Tant Kofta f\u00f6r att kl\u00e4mma p\u00e5 garn och kolla in \u00f6ppen koffert. <a title=\"F\u00f6rsta bes\u00f6ket hos Tant Kofta\" href=\"http:\/\/elsbth.se\/sy\/2014\/07\/forsta-besoket-hos-tant-kofta\/\">L\u00e4s mer om vad jag k\u00f6pte och vad jag stickade p\u00e5<\/a>.<\/p>\n<h2>Maxikl\u00e4nning<\/h2>\n<p>F\u00f6rra sommaren ville jag mer \u00e4n g\u00e4rna sy en l\u00e5ngkl\u00e4nning, men det blev bara <a title=\"Sm\u00e5blommig sommarkl\u00e4nning\" href=\"http:\/\/elsbth.se\/sy\/2013\/08\/smablommig-sommarklanning\/\">en kort kl\u00e4nning<\/a>. Nu i sommar ska jag p\u00e5 en fin tillst\u00e4llning, s\u00e5 jag kombinerade de tv\u00e5 och sydde mig en maxikl\u00e4nning till tillst\u00e4llningen. M\u00f6nstret hittade jag i nummer 5\/2014 av Burda style (m\u00f6nster 117). Jag modifierade m\u00f6nstret p\u00e5 tre punkter: F\u00f6rl\u00e4ngde kjolen (f\u00f6r jag \u00e4r s\u00e5 l\u00e5ng), skippade fickorna (f\u00f6r att det skulle g\u00e5 snabbare) och f\u00f6rh\u00f6jde bakstycket i ryggen (f\u00f6r att t\u00e4cka ryggen mer). Kl\u00e4nningen sitter j\u00e4ttebra och jag l\u00e4ngtar tills jag f\u00e5r anv\u00e4nda den.<\/p>\n\n\t\t<style type=\"text\/css\">\n\t\t\t#gallery-5 {\n\t\t\t\tmargin: auto;\n\t\t\t}\n\t\t\t#gallery-5 .gallery-item {\n\t\t\t\tfloat: left;\n\t\t\t\tmargin-top: 10px;\n\t\t\t\ttext-align: center;\n\t\t\t\twidth: 33%;\n\t\t\t}\n\t\t\t#gallery-5 img {\n\t\t\t\tborder: 2px solid #cfcfcf;\n\t\t\t}\n\t\t\t#gallery-5 .gallery-caption {\n\t\t\t\tmargin-left: 0;\n\t\t\t}\n\t\t\t\/* see gallery_shortcode() in wp-includes\/media.php *\/\n\t\t<\/style>\n\t\t<div id='gallery-5' class='gallery galleryid-962 gallery-columns-3 gallery-size-thumbnail'><dl class='gallery-item'>\n\t\t\t<dt class='gallery-icon landscape'>\n\t\t\t\t<a rel=\"gallery-962\" href='http:\/\/elsbth.se\/sy\/wp-content\/uploads\/2014\/07\/IMG_20140706_204534.jpg'><img loading=\"lazy\" decoding=\"async\" width=\"150\" height=\"150\" src=\"http:\/\/elsbth.se\/sy\/wp-content\/uploads\/2014\/07\/IMG_20140706_204534-150x150.jpg\" class=\"attachment-thumbnail size-thumbnail\" alt=\"M\u00f6nsterklippning\" aria-describedby=\"gallery-5-972\" srcset=\"http:\/\/elsbth.se\/sy\/wp-content\/uploads\/2014\/07\/IMG_20140706_204534-150x150.jpg 150w, http:\/\/elsbth.se\/sy\/wp-content\/uploads\/2014\/07\/IMG_20140706_204534-300x300.jpg 300w, http:\/\/elsbth.se\/sy\/wp-content\/uploads\/2014\/07\/IMG_20140706_204534-1024x1024.jpg 1024w, http:\/\/elsbth.se\/sy\/wp-content\/uploads\/2014\/07\/IMG_20140706_204534-624x624.jpg 624w, http:\/\/elsbth.se\/sy\/wp-content\/uploads\/2014\/07\/IMG_20140706_204534.jpg 1536w\" sizes=\"auto, (max-width: 150px) 100vw, 150px\" \/><\/a>\n\t\t\t<\/dt>\n\t\t\t\t<dd class='wp-caption-text gallery-caption' id='gallery-5-972'>\n\t\t\t\tM\u00f6nsterklippning\n\t\t\t\t<\/dd><\/dl><dl class='gallery-item'>\n\t\t\t<dt class='gallery-icon landscape'>\n\t\t\t\t<a rel=\"gallery-962\" href='http:\/\/elsbth.se\/sy\/wp-content\/uploads\/2014\/07\/IMG_20140707_121020.jpg'><img loading=\"lazy\" decoding=\"async\" width=\"150\" height=\"150\" src=\"http:\/\/elsbth.se\/sy\/wp-content\/uploads\/2014\/07\/IMG_20140707_121020-150x150.jpg\" class=\"attachment-thumbnail size-thumbnail\" alt=\"Tyg fr\u00e5n Liberty\" aria-describedby=\"gallery-5-973\" srcset=\"http:\/\/elsbth.se\/sy\/wp-content\/uploads\/2014\/07\/IMG_20140707_121020-150x150.jpg 150w, http:\/\/elsbth.se\/sy\/wp-content\/uploads\/2014\/07\/IMG_20140707_121020-300x300.jpg 300w, http:\/\/elsbth.se\/sy\/wp-content\/uploads\/2014\/07\/IMG_20140707_121020-1024x1024.jpg 1024w, http:\/\/elsbth.se\/sy\/wp-content\/uploads\/2014\/07\/IMG_20140707_121020-624x624.jpg 624w, http:\/\/elsbth.se\/sy\/wp-content\/uploads\/2014\/07\/IMG_20140707_121020.jpg 1536w\" sizes=\"auto, (max-width: 150px) 100vw, 150px\" \/><\/a>\n\t\t\t<\/dt>\n\t\t\t\t<dd class='wp-caption-text gallery-caption' id='gallery-5-973'>\n\t\t\t\tTyg fr\u00e5n Liberty\n\t\t\t\t<\/dd><\/dl><dl class='gallery-item'>\n\t\t\t<dt class='gallery-icon landscape'>\n\t\t\t\t<a rel=\"gallery-962\" href='http:\/\/elsbth.se\/sy\/wp-content\/uploads\/2014\/07\/IMG_20140708_221208.jpg'><img loading=\"lazy\" decoding=\"async\" width=\"150\" height=\"150\" src=\"http:\/\/elsbth.se\/sy\/wp-content\/uploads\/2014\/07\/IMG_20140708_221208-150x150.jpg\" class=\"attachment-thumbnail size-thumbnail\" alt=\"City cardigan och maxikl\u00e4nning\" aria-describedby=\"gallery-5-974\" srcset=\"http:\/\/elsbth.se\/sy\/wp-content\/uploads\/2014\/07\/IMG_20140708_221208-150x150.jpg 150w, http:\/\/elsbth.se\/sy\/wp-content\/uploads\/2014\/07\/IMG_20140708_221208-300x300.jpg 300w, http:\/\/elsbth.se\/sy\/wp-content\/uploads\/2014\/07\/IMG_20140708_221208-1024x1024.jpg 1024w, http:\/\/elsbth.se\/sy\/wp-content\/uploads\/2014\/07\/IMG_20140708_221208-624x624.jpg 624w, http:\/\/elsbth.se\/sy\/wp-content\/uploads\/2014\/07\/IMG_20140708_221208.jpg 1536w\" sizes=\"auto, (max-width: 150px) 100vw, 150px\" \/><\/a>\n\t\t\t<\/dt>\n\t\t\t\t<dd class='wp-caption-text gallery-caption' id='gallery-5-974'>\n\t\t\t\tCity cardigan och maxikl\u00e4nning\n\t\t\t\t<\/dd><\/dl><br style=\"clear: both\" \/>\n\t\t<\/div>\n\n<h2>Syrummet<\/h2>\n<p>Syrummet f\u00f6r\u00e4ndras l\u00e5ngsamt, l\u00e5ngsamt. En av de f\u00f6rsta sakerna jag gjorde p\u00e5 semestern var att h\u00e4nga upp de nya lampetterna. Nu saknas det bara LED-lampor att s\u00e4tta i, men de \u00e4r best\u00e4llda och v\u00e4ntas komma om en vecka eller tv\u00e5.<\/p>\n\n\t\t<style type=\"text\/css\">\n\t\t\t#gallery-6 {\n\t\t\t\tmargin: auto;\n\t\t\t}\n\t\t\t#gallery-6 .gallery-item {\n\t\t\t\tfloat: left;\n\t\t\t\tmargin-top: 10px;\n\t\t\t\ttext-align: center;\n\t\t\t\twidth: 33%;\n\t\t\t}\n\t\t\t#gallery-6 img {\n\t\t\t\tborder: 2px solid #cfcfcf;\n\t\t\t}\n\t\t\t#gallery-6 .gallery-caption {\n\t\t\t\tmargin-left: 0;\n\t\t\t}\n\t\t\t\/* see gallery_shortcode() in wp-includes\/media.php *\/\n\t\t<\/style>\n\t\t<div id='gallery-6' class='gallery galleryid-962 gallery-columns-3 gallery-size-thumbnail'><dl class='gallery-item'>\n\t\t\t<dt class='gallery-icon landscape'>\n\t\t\t\t<a rel=\"gallery-962\" href='http:\/\/elsbth.se\/sy\/wp-content\/uploads\/2014\/07\/IMG_20140712_182048.jpg'><img loading=\"lazy\" decoding=\"async\" width=\"150\" height=\"150\" src=\"http:\/\/elsbth.se\/sy\/wp-content\/uploads\/2014\/07\/IMG_20140712_182048-150x150.jpg\" class=\"attachment-thumbnail size-thumbnail\" alt=\"Lampett i syrummet\" aria-describedby=\"gallery-6-965\" srcset=\"http:\/\/elsbth.se\/sy\/wp-content\/uploads\/2014\/07\/IMG_20140712_182048-150x150.jpg 150w, http:\/\/elsbth.se\/sy\/wp-content\/uploads\/2014\/07\/IMG_20140712_182048-300x300.jpg 300w, http:\/\/elsbth.se\/sy\/wp-content\/uploads\/2014\/07\/IMG_20140712_182048-624x624.jpg 624w, http:\/\/elsbth.se\/sy\/wp-content\/uploads\/2014\/07\/IMG_20140712_182048.jpg 956w\" sizes=\"auto, (max-width: 150px) 100vw, 150px\" \/><\/a>\n\t\t\t<\/dt>\n\t\t\t\t<dd class='wp-caption-text gallery-caption' id='gallery-6-965'>\n\t\t\t\tLampett i syrummet\n\t\t\t\t<\/dd><\/dl>\n\t\t\t<br style='clear: both' \/>\n\t\t<\/div>\n\n","protected":false},"excerpt":{"rendered":"<p>I \u00e5r har jag inte varit lika produktiv som jag var i b\u00f6rjan av 2013. Att ha hus som ska f\u00f6r\u00e4ndras tar tid och jag har fokuserat p\u00e5 ett stickprojekt i taget. N\u00e5gra projekt \u00e4r klara, men inte fotograferade och skrivna om h\u00e4r p\u00e5 bloggen, s\u00e5 jag t\u00e4nkte ge en snabb sammanfattning av dessa: Ramona [&hellip;]<\/p>\n","protected":false},"author":1,"featured_media":0,"comment_status":"open","ping_status":"open","sticky":false,"template":"","format":"standard","meta":{"footnotes":""},"categories":[56],"tags":[],"class_list":["post-962","post","type-post","status-publish","format-standard","hentry","category-manaden-som-gatt"],"_links":{"self":[{"href":"http:\/\/elsbth.se\/sy\/wp-json\/wp\/v2\/posts\/962","targetHints":{"allow":["GET"]}}],"collection":[{"href":"http:\/\/elsbth.se\/sy\/wp-json\/wp\/v2\/posts"}],"about":[{"href":"http:\/\/elsbth.se\/sy\/wp-json\/wp\/v2\/types\/post"}],"author":[{"embeddable":true,"href":"http:\/\/elsbth.se\/sy\/wp-json\/wp\/v2\/users\/1"}],"replies":[{"embeddable":true,"href":"http:\/\/elsbth.se\/sy\/wp-json\/wp\/v2\/comments?post=962"}],"version-history":[{"count":3,"href":"http:\/\/elsbth.se\/sy\/wp-json\/wp\/v2\/posts\/962\/revisions"}],"predecessor-version":[{"id":977,"href":"http:\/\/elsbth.se\/sy\/wp-json\/wp\/v2\/posts\/962\/revisions\/977"}],"wp:attachment":[{"href":"http:\/\/elsbth.se\/sy\/wp-json\/wp\/v2\/media?parent=962"}],"wp:term":[{"taxonomy":"category","embeddable":true,"href":"http:\/\/elsbth.se\/sy\/wp-json\/wp\/v2\/categories?post=962"},{"taxonomy":"post_tag","embeddable":true,"href":"http:\/\/elsbth.se\/sy\/wp-json\/wp\/v2\/tags?post=962"}],"curies":[{"name":"wp","href":"https:\/\/api.w.org\/{rel}","templated":true}]}}